{"id":95624,"date":"2015-09-04T08:00:57","date_gmt":"2015-09-04T11:00:57","guid":{"rendered":"http:\/\/www.r2cpress.com.br\/v1\/?p=95624"},"modified":"2015-09-04T08:21:55","modified_gmt":"2015-09-04T11:21:55","slug":"no-gotas-de-paz-422","status":"publish","type":"post","link":"https:\/\/www.r2cpress.com.br\/v1\/2015\/09\/04\/no-gotas-de-paz-422\/","title":{"rendered":"No GOTAS DE PAZ"},"content":{"rendered":"<h1 class=\"entry-title post-title\" style=\"text-align: center;\"><span style=\"color: #0000ff;\"><strong>Raz\u00e3o para viver<\/strong><\/span><\/h1>\n<p>Por muito tempo buscamos raz\u00f5es para continuar, principalmente quando nos encontramos em momentos dif\u00edceis, muitos de n\u00f3s entregam-se a amargura e ao desalento de seus pr\u00f3prios questionamentos \u00e0 respeito da vida.<\/p>\n<p>Mas \u00e9 chegada a hora de mudarmos a sintonia e colocarmos um basta nesta nuvem que se instalou em nossas cabe\u00e7as tumultuando os pensamentos e nos tirando a vontade de viver, sempre h\u00e1 algo para nos espelharmos ou algu\u00e9m que necessita que estejamos bem para que tudo siga seu percurso.<\/p>\n<p>Problemas todos temos, n\u00e3o h\u00e1 aquele que neste momento n\u00e3o esteja passando por algum tipo de dificuldade, mas cabe a cada um de n\u00f3s enfrentarmos com sabedoria e coragem o que a vida nos coloca para vivenciarmos.<\/p>\n<p>Raz\u00f5es para continuar temos muitas, por isso hoje fa\u00e7amos a reflex\u00e3o de tudo o que nos atormenta os pensamentos e fa\u00e7amos uma faxina mental, dando-nos a oportunidade de continuar e sermos felizes.<\/p>\n<p><span style=\"color: #0000ff;\"><strong>GOTAS DE PAZ:<\/strong><\/span><\/p>\n<p>http:\/\/www.gotasdepaz.com.br\/razao-para-viver\/?utm_source=04%2F09%2F2015&#038;utm_medium=email&#038;utm_campaign=04%2F09%2F2015<\/p>\n","protected":false},"excerpt":{"rendered":"<p>Raz\u00e3o para viver Por muito tempo buscamos raz\u00f5es para continuar, principalmente quando nos encontramos em momentos dif\u00edceis, muitos de n\u00f3s entregam-se a amargura e ao desalento de seus pr\u00f3prios questionamentos \u00e0 respeito da vida. Mas \u00e9 chegada a hora de mudarmos a sintonia e colocarmos um basta nesta nuvem que se instalou em nossas cabe\u00e7as [&hellip;]<\/p>\n","protected":false},"author":2,"featured_media":0,"comment_status":"open","ping_status":"open","sticky":false,"template":"","format":"standard","meta":{"_links_to":"","_links_to_target":""},"categories":[17],"tags":[],"_links":{"self":[{"href":"https:\/\/www.r2cpress.com.br\/v1\/wp-json\/wp\/v2\/posts\/95624"}],"collection":[{"href":"https:\/\/www.r2cpress.com.br\/v1\/wp-json\/wp\/v2\/posts"}],"about":[{"href":"https:\/\/www.r2cpress.com.br\/v1\/wp-json\/wp\/v2\/types\/post"}],"author":[{"embeddable":true,"href":"https:\/\/www.r2cpress.com.br\/v1\/wp-json\/wp\/v2\/users\/2"}],"replies":[{"embeddable":true,"href":"https:\/\/www.r2cpress.com.br\/v1\/wp-json\/wp\/v2\/comments?post=95624"}],"version-history":[{"count":1,"href":"https:\/\/www.r2cpress.com.br\/v1\/wp-json\/wp\/v2\/posts\/95624\/revisions"}],"predecessor-version":[{"id":95625,"href":"https:\/\/www.r2cpress.com.br\/v1\/wp-json\/wp\/v2\/posts\/95624\/revisions\/95625"}],"wp:attachment":[{"href":"https:\/\/www.r2cpress.com.br\/v1\/wp-json\/wp\/v2\/media?parent=95624"}],"wp:term":[{"taxonomy":"category","embeddable":true,"href":"https:\/\/www.r2cpress.com.br\/v1\/wp-json\/wp\/v2\/categories?post=95624"},{"taxonomy":"post_tag","embeddable":true,"href":"https:\/\/www.r2cpress.com.br\/v1\/wp-json\/wp\/v2\/tags?post=95624"}],"curies":[{"name":"wp","href":"https:\/\/api.w.org\/{rel}","templated":true}]}}