{"id":95633,"date":"2015-09-04T16:58:14","date_gmt":"2015-09-04T19:58:14","guid":{"rendered":"http:\/\/www.r2cpress.com.br\/v1\/?p=95633"},"modified":"2015-09-04T16:58:14","modified_gmt":"2015-09-04T19:58:14","slug":"familia-de-jorge-amado-doa-acervo-para-a-biblioteca-municipal-adonias-filho-em-ilheus","status":"publish","type":"post","link":"https:\/\/www.r2cpress.com.br\/v1\/2015\/09\/04\/familia-de-jorge-amado-doa-acervo-para-a-biblioteca-municipal-adonias-filho-em-ilheus\/","title":{"rendered":"Fam\u00edlia de Jorge Amado doa acervo para a Biblioteca Municipal Adonias Filho, em Ilh\u00e9us"},"content":{"rendered":"<div id=\"attachment_95634\" style=\"width: 342px\" class=\"wp-caption alignright\"><a href=\"http:\/\/www.r2cpress.com.br\/v1\/wp-content\/uploads\/2015\/09\/Acervo-foi-enriquecido-com-obras-do-escritor-Jorge-Amado-doadas-pela-fam\u00edlia-do-romancista.jpg\"><img aria-describedby=\"caption-attachment-95634\" loading=\"lazy\" class=\" wp-image-95634\" src=\"http:\/\/www.r2cpress.com.br\/v1\/wp-content\/uploads\/2015\/09\/Acervo-foi-enriquecido-com-obras-do-escritor-Jorge-Amado-doadas-pela-fam\u00edlia-do-romancista.jpg\" alt=\"Acervo foi enriquecido com obras do escritor Jorge Amado doadas pela fam\u00edlia do romancista\" width=\"332\" height=\"443\" srcset=\"https:\/\/www.r2cpress.com.br\/v1\/wp-content\/uploads\/2015\/09\/Acervo-foi-enriquecido-com-obras-do-escritor-Jorge-Amado-doadas-pela-fam\u00edlia-do-romancista.jpg 375w, https:\/\/www.r2cpress.com.br\/v1\/wp-content\/uploads\/2015\/09\/Acervo-foi-enriquecido-com-obras-do-escritor-Jorge-Amado-doadas-pela-fam\u00edlia-do-romancista-225x300.jpg 225w\" sizes=\"(max-width: 332px) 100vw, 332px\" \/><\/a><p id=\"caption-attachment-95634\" class=\"wp-caption-text\">Acervo foi enriquecido com obras do escritor Jorge Amado doadas pela fam\u00edlia do romancista<\/p><\/div>\n<p><em>Com a doa\u00e7\u00e3o feita pela fam\u00edlia do escritor, foram contabilizados 14 mil livros recebidos durante a campanha<\/em><\/p>\n<p>A Biblioteca P\u00fablica Municipal Adonias Filho, mantida pela Prefeitura de Ilh\u00e9us atrav\u00e9s da Secretaria de Cultura, recebeu, durante o m\u00eas de agosto, um acervo completo com mais de 200 obras do escritor Jorge Amado, doado pela fam\u00edlia do romancista. Entre os t\u00edtulos est\u00e3o \u201cGabriela, Cravo e Canela\u201d, \u201cS\u00e3o Jorge dos Ilh\u00e9us\u201d, \u201cO Menino Grapi\u00fana\u201d e \u201cCapit\u00e3es da Areia\u201d. At\u00e9 agora, a campanha de arrecada\u00e7\u00e3o j\u00e1 reuniu 14 mil obras, que j\u00e1 est\u00e3o catalogados e dispon\u00edveis para leitura e empr\u00e9stimos.<\/p>\n<p>A coordenadora da biblioteca, Regina Figueroa, lembra que outra grande contribui\u00e7\u00e3o, de cerca de tr\u00eas mil livros, foi dada pela senhora Vivi Arcanjo, vi\u00fava do jornalista baiano Jorge Calmon. Desse total, parte j\u00e1 est\u00e1 sendo catalogado. Figueroa afirma que, al\u00e9m das doa\u00e7\u00f5es em grande volume, a participa\u00e7\u00e3o de cada um que se disp\u00f4s a compartilhar um livro, uma revista em quadrinho, contribuiu bastante para o \u00eaxito da campanha.<\/p>\n<p>Lan\u00e7ada h\u00e1 dois meses, a campanha de doa\u00e7\u00f5es levou para a Biblioteca P\u00fablica Municipal Adonias Filho exemplares de obras infantis, romances, de fic\u00e7\u00e3o, enciclop\u00e9dias, de artes, t\u00e9cnicos, de autores nacionais e estrangeiros. Para o secret\u00e1rio de Cultura, Paulo Atto, a iniciativa foi exitosa porque, \u201cal\u00e9m de enriquecer o acervo, permitiu que a comunidade regional se aproximasse desse equipamento de cultura, de educa\u00e7\u00e3o, de aprendizado\u201d.<\/p>\n<p><strong>Empr\u00e9stimos &#8211;<\/strong> Para poder solicitar o empr\u00e9stimo dos livros, o leitor deve se dirigir a biblioteca com a c\u00f3pia do RG e o original, comprovante de resid\u00eancia e duas fotos 3&#215;4. No primeiro empr\u00e9stimo, o leitor fica com um livro por at\u00e9 oito dias, e na segunda vez, pode ficar com dois livros para serem lidos num per\u00edodo de at\u00e9 quinze dias.<\/p>\n","protected":false},"excerpt":{"rendered":"<p>Com a doa\u00e7\u00e3o feita pela fam\u00edlia do escritor, foram contabilizados 14 mil livros recebidos durante a campanha A Biblioteca P\u00fablica Municipal Adonias Filho, mantida pela Prefeitura de Ilh\u00e9us atrav\u00e9s da Secretaria de Cultura, recebeu, durante o m\u00eas de agosto, um acervo completo com mais de 200 obras do escritor Jorge Amado, doado pela fam\u00edlia do [&hellip;]<\/p>\n","protected":false},"author":2,"featured_media":0,"comment_status":"open","ping_status":"open","sticky":false,"template":"","format":"standard","meta":{"_links_to":"","_links_to_target":""},"categories":[5,23],"tags":[],"_links":{"self":[{"href":"https:\/\/www.r2cpress.com.br\/v1\/wp-json\/wp\/v2\/posts\/95633"}],"collection":[{"href":"https:\/\/www.r2cpress.com.br\/v1\/wp-json\/wp\/v2\/posts"}],"about":[{"href":"https:\/\/www.r2cpress.com.br\/v1\/wp-json\/wp\/v2\/types\/post"}],"author":[{"embeddable":true,"href":"https:\/\/www.r2cpress.com.br\/v1\/wp-json\/wp\/v2\/users\/2"}],"replies":[{"embeddable":true,"href":"https:\/\/www.r2cpress.com.br\/v1\/wp-json\/wp\/v2\/comments?post=95633"}],"version-history":[{"count":1,"href":"https:\/\/www.r2cpress.com.br\/v1\/wp-json\/wp\/v2\/posts\/95633\/revisions"}],"predecessor-version":[{"id":95635,"href":"https:\/\/www.r2cpress.com.br\/v1\/wp-json\/wp\/v2\/posts\/95633\/revisions\/95635"}],"wp:attachment":[{"href":"https:\/\/www.r2cpress.com.br\/v1\/wp-json\/wp\/v2\/media?parent=95633"}],"wp:term":[{"taxonomy":"category","embeddable":true,"href":"https:\/\/www.r2cpress.com.br\/v1\/wp-json\/wp\/v2\/categories?post=95633"},{"taxonomy":"post_tag","embeddable":true,"href":"https:\/\/www.r2cpress.com.br\/v1\/wp-json\/wp\/v2\/tags?post=95633"}],"curies":[{"name":"wp","href":"https:\/\/api.w.org\/{rel}","templated":true}]}}