{"id":95676,"date":"2015-09-08T18:28:41","date_gmt":"2015-09-08T21:28:41","guid":{"rendered":"http:\/\/www.r2cpress.com.br\/v1\/?p=95676"},"modified":"2015-09-08T18:28:41","modified_gmt":"2015-09-08T21:28:41","slug":"mpf-promove-concurso-unificado-para-estagiarios-de-nivel-superior-na-bahia","status":"publish","type":"post","link":"https:\/\/www.r2cpress.com.br\/v1\/2015\/09\/08\/mpf-promove-concurso-unificado-para-estagiarios-de-nivel-superior-na-bahia\/","title":{"rendered":"MPF promove concurso unificado para estagi\u00e1rios de n\u00edvel superior na Bahia"},"content":{"rendered":"<p><em>Ser\u00e3o ofertadas vagas nas \u00e1reas de Administra\u00e7\u00e3o, Arquitetura, Antropologia\/Ci\u00eancias Sociais, Biologia, Biblioteconomia, Direito e Jornalismo. Pr\u00e9-inscri\u00e7\u00f5es v\u00e3o at\u00e9 15 de setembro.<\/em><\/p>\n<div>\n<div>\n<p align=\"JUSTIFY\">O Minist\u00e9rio P\u00fablico Federal na Bahia (MPF\/BA) inicia o 16\u00ba Processo Seletivo para preenchimento de vagas e forma\u00e7\u00e3o de cadastro reserva para est\u00e1gio de n\u00edvel superior nas \u00e1reas de Administra\u00e7\u00e3o, Arquitetura, Antropologia\/Ci\u00eancias Sociais, Biologia, Biblioteconomia, Direito e Jornalismo. Os interessados devem fazer a <a href=\"http:\/\/apex.prba.mpf.mp.br\/stag\/Gate?MODULE=stag.modulos.internet&amp;SCREEN=CONCURSO\" target=\"_blank\">pr\u00e9-inscri\u00e7\u00e3o<\/a> no site do MPF at\u00e9 23h59min do dia 15 de setembro de 2015.<\/p>\n<p>Ser\u00e3o ofertadas vagas para os cursos de Administra\u00e7\u00e3o, Arquitetura, Antropologia\/Ci\u00eancias Sociais, Biologia, Biblioteconomia e Jornalismo na sede da Procuradoria da Rep\u00fablica na Bahia, em Salvador. Os estudantes de Administra\u00e7\u00e3o ainda podem concorrer para est\u00e1gio na Procuradoria da Rep\u00fablica no Munic\u00edpio (PRM) de Paulo Afonso. As vagas de Direito s\u00e3o para as PRMs de Barreiras, Eun\u00e1polis, Ilh\u00e9us e Paulo Afonso, todas na Bahia. O processo seletivo ser\u00e1 v\u00e1lido por um ano e prorrog\u00e1vel por igual per\u00edodo.<\/p>\n<p align=\"JUSTIFY\">Com jornada de 20 horas semanais, o est\u00e1gio oferece bolsa no valor de 850 reais, seguro contra acidentes pessoais e aux\u00edlio transporte de sete reais por dia de est\u00e1gio efetivo.<\/p>\n<p align=\"JUSTIFY\">Para participar da sele\u00e7\u00e3o, \u00e9 preciso que o interessado esteja matriculado em uma das institui\u00e7\u00f5es de ensino conveniadas ao MPF, preencha os requisitos exigidos e, ap\u00f3s fazer a pr\u00e9-inscri\u00e7\u00e3o, confirme-a comparecendo \u00e0 unidade desejada para concorrer \u00e0 vaga, das 13h \u00e0s 17h, no dia 16 ou 17 de setembro para a apresenta\u00e7\u00e3o dos documentos necess\u00e1rios constantes no edital.<\/p>\n<p><a href=\"http:\/\/www.prba.mpf.mp.br\/mpf-noticias-1\/administrativas\/EDITAL12015ABERTURA.pdf\" target=\"_blank\">Confira a \u00edntegra do edital.<\/a><br \/>\n<a href=\"http:\/\/www.prba.mpf.mp.br\/concursos\/estagiarios\" target=\"_blank\">Confira a p\u00e1gina da sele\u00e7\u00e3o.<\/a><\/p>\n<p>Assessoria de Comunica\u00e7\u00e3o<br \/>\nMinist\u00e9rio P\u00fablico Federal na Bahia<\/p>\n<\/div>\n<\/div>\n","protected":false},"excerpt":{"rendered":"<p>Ser\u00e3o ofertadas vagas nas \u00e1reas de Administra\u00e7\u00e3o, Arquitetura, Antropologia\/Ci\u00eancias Sociais, Biologia, Biblioteconomia, Direito e Jornalismo. Pr\u00e9-inscri\u00e7\u00f5es v\u00e3o at\u00e9 15 de setembro. O Minist\u00e9rio P\u00fablico Federal na Bahia (MPF\/BA) inicia o 16\u00ba Processo Seletivo para preenchimento de vagas e forma\u00e7\u00e3o de cadastro reserva para est\u00e1gio de n\u00edvel superior nas \u00e1reas de Administra\u00e7\u00e3o, Arquitetura, Antropologia\/Ci\u00eancias Sociais, Biologia, [&hellip;]<\/p>\n","protected":false},"author":2,"featured_media":0,"comment_status":"open","ping_status":"open","sticky":false,"template":"","format":"standard","meta":{"_links_to":"","_links_to_target":""},"categories":[13,1],"tags":[],"_links":{"self":[{"href":"https:\/\/www.r2cpress.com.br\/v1\/wp-json\/wp\/v2\/posts\/95676"}],"collection":[{"href":"https:\/\/www.r2cpress.com.br\/v1\/wp-json\/wp\/v2\/posts"}],"about":[{"href":"https:\/\/www.r2cpress.com.br\/v1\/wp-json\/wp\/v2\/types\/post"}],"author":[{"embeddable":true,"href":"https:\/\/www.r2cpress.com.br\/v1\/wp-json\/wp\/v2\/users\/2"}],"replies":[{"embeddable":true,"href":"https:\/\/www.r2cpress.com.br\/v1\/wp-json\/wp\/v2\/comments?post=95676"}],"version-history":[{"count":1,"href":"https:\/\/www.r2cpress.com.br\/v1\/wp-json\/wp\/v2\/posts\/95676\/revisions"}],"predecessor-version":[{"id":95677,"href":"https:\/\/www.r2cpress.com.br\/v1\/wp-json\/wp\/v2\/posts\/95676\/revisions\/95677"}],"wp:attachment":[{"href":"https:\/\/www.r2cpress.com.br\/v1\/wp-json\/wp\/v2\/media?parent=95676"}],"wp:term":[{"taxonomy":"category","embeddable":true,"href":"https:\/\/www.r2cpress.com.br\/v1\/wp-json\/wp\/v2\/categories?post=95676"},{"taxonomy":"post_tag","embeddable":true,"href":"https:\/\/www.r2cpress.com.br\/v1\/wp-json\/wp\/v2\/tags?post=95676"}],"curies":[{"name":"wp","href":"https:\/\/api.w.org\/{rel}","templated":true}]}}