{"id":95682,"date":"2015-09-08T18:47:55","date_gmt":"2015-09-08T21:47:55","guid":{"rendered":"http:\/\/www.r2cpress.com.br\/v1\/?p=95682"},"modified":"2015-09-08T18:47:55","modified_gmt":"2015-09-08T21:47:55","slug":"em-ilheus-desfile-de-7-de-setembro-considerado-um-dos-melhores-dos-ultimos-anos","status":"publish","type":"post","link":"https:\/\/www.r2cpress.com.br\/v1\/2015\/09\/08\/em-ilheus-desfile-de-7-de-setembro-considerado-um-dos-melhores-dos-ultimos-anos\/","title":{"rendered":"Em Ilh\u00e9us, desfile de 7 de Setembro considerado  um dos melhores dos \u00faltimos anos"},"content":{"rendered":"<p><strong><em>Com o tema central \u201cBrasil, Natureza Viva e Sustent\u00e1vel: Dever de Todos N\u00f3s\u201d, o desfile aconteceu na Avenida Soares Lopes<\/em><\/strong><\/p>\n<div id=\"attachment_95683\" style=\"width: 610px\" class=\"wp-caption aligncenter\"><a href=\"http:\/\/www.r2cpress.com.br\/v1\/wp-content\/uploads\/2015\/09\/Escolas-militares-clubes-de-servi\u00e7os-entidades-assistenciais-e-grande-p\u00fablico-marcaram-o-desfile-de-sete-de-Setembro-Foto-Alfredo-FIlho-Secom-Ilheus-9.jpg\"><img aria-describedby=\"caption-attachment-95683\" loading=\"lazy\" class=\"size-full wp-image-95683\" src=\"http:\/\/www.r2cpress.com.br\/v1\/wp-content\/uploads\/2015\/09\/Escolas-militares-clubes-de-servi\u00e7os-entidades-assistenciais-e-grande-p\u00fablico-marcaram-o-desfile-de-sete-de-Setembro-Foto-Alfredo-FIlho-Secom-Ilheus-9.jpg\" alt=\"Escolas, militares, clubes de servi\u00e7os, entidades assistenciais e grande p\u00fablico marcaram o desfile de sete de Setembro Foto Alfredo FIlho Secom Ilheus.\" width=\"600\" height=\"400\" srcset=\"https:\/\/www.r2cpress.com.br\/v1\/wp-content\/uploads\/2015\/09\/Escolas-militares-clubes-de-servi\u00e7os-entidades-assistenciais-e-grande-p\u00fablico-marcaram-o-desfile-de-sete-de-Setembro-Foto-Alfredo-FIlho-Secom-Ilheus-9.jpg 600w, https:\/\/www.r2cpress.com.br\/v1\/wp-content\/uploads\/2015\/09\/Escolas-militares-clubes-de-servi\u00e7os-entidades-assistenciais-e-grande-p\u00fablico-marcaram-o-desfile-de-sete-de-Setembro-Foto-Alfredo-FIlho-Secom-Ilheus-9-300x200.jpg 300w\" sizes=\"(max-width: 600px) 100vw, 600px\" \/><\/a><p id=\"caption-attachment-95683\" class=\"wp-caption-text\">Escolas, militares, clubes de servi\u00e7os, entidades assistenciais e grande p\u00fablico marcaram o desfile de sete de Setembro Foto Alfredo FIlho Secom Ilheus.<\/p><\/div>\n<p>Milhares de pessoas compareceram \u00e0 Avenida Soares Lopes, em Ilh\u00e9us, na manh\u00e3 de 7 de setembro, para participar e prestigiar o Desfile C\u00edvico em homenagem aos 193 anos da Independ\u00eancia do Brasil, que teve in\u00edcio \u00e0s 8h40min. Este ano, o evento foi considerado um dos melhores dos \u00faltimos, tanto em termos de organiza\u00e7\u00e3o, de infraestrutura e de participa\u00e7\u00e3o popular. Desde \u00e0s 7h, adultos, idosos, adolescentes e crian\u00e7as, de v\u00e1rias partes da sede e do interior do munic\u00edpio come\u00e7aram a ocupar toda a extens\u00e3o da Avenida, portando bandeiras e camisas com as cores do pa\u00eds. O p\u00fablico promoveu uma verdadeira festa da\u00a0\u00a0cidadania, sempre em um ambiente de paz e de sauda\u00e7\u00e3o \u00e0 p\u00e1tria brasileira.<\/p>\n<p>Ao lado da primeira-dama do munic\u00edpio, Adryana Ribeiro, e de autoridades civis e militares, o prefeito Jabes Ribeiro acompanhou o Desfile de 7 de Setembro do palanque oficial, instalado na Pra\u00e7a Castro Alves. \u201cFoi um desfile marcado pela organiza\u00e7\u00e3o, tranquilidade e, sobretudo, pela participa\u00e7\u00e3o popular. Al\u00e9m dos ilheenses que vieram aplaudir este ato de grande simbolismo c\u00edvico, tamb\u00e9m tivemos a presen\u00e7a das comunidades do interior, dos clubes de servi\u00e7o, das escolas e das for\u00e7as militares. Realmente, foi um momento precioso que destacou a import\u00e2ncia do ideal da democracia e do valor da nossa independ\u00eancia. Por tudo isso, Ilh\u00e9us est\u00e1 de parab\u00e9ns por este desfile, um dos mais belos e organizados dos \u00faltimos anos\u201d, comentou.<\/p>\n<p><!--more--><\/p>\n<p>O vice-prefeito de Ilh\u00e9us, Carlos Machado (Cac\u00e1), tamb\u00e9m parabenizou aos envolvidos no processo de organiza\u00e7\u00e3o do desfile neste ano. \u201cFoi um evento que, com a ajuda de todos e com participa\u00e7\u00e3o da comunidade, esteve \u00e0 altura da import\u00e2ncia das comemora\u00e7\u00f5es pelos 193 anos da nossa independ\u00eancia\u201d, reiterou. J\u00e1 a secret\u00e1ria de Educa\u00e7\u00e3o, professora Marl\u00facia Rocha \u2013 coordenadora do evento, lembrou que o sucesso do desfile foi resultado do esfor\u00e7o de v\u00e1rios setores do governo, da parceria com as for\u00e7as militares e do apoio popular. \u201cAl\u00e9m disso, \u00e9 fundamental ressaltar que n\u00f3s tivemos um desfile lindo e sem qualquer tipo de incidente\u201d, completou.<\/p>\n<p><strong>Desfile<\/strong>\u00a0\u2013 A exemplo dos anos anteriores, o Desfile de 7 de Setembro foi aberto pelo Grupamento Militar, constitu\u00eddo pela Viatura CMT Tropa \u2013 Ex-Combatentes da For\u00e7a Expedicion\u00e1ria Brasileira (FEB), Marinha do Brasil\/Delegacia da Capitania dos Portos em Ilh\u00e9us, 18\u00aa CSM (Circunscri\u00e7\u00e3o de Servi\u00e7o Militar), Col\u00e9gio da Pol\u00edcia Militar R\u00f4mulo Galv\u00e3o, 2\u00ba Batalh\u00e3o de Ensino, Instru\u00e7\u00e3o e Capacita\u00e7\u00e3o (antigo 2\u00ba BPM), Pelot\u00e3o Misto (68\u00aa, 69\u00aa 70\u00aa CIPM), 5\u00ba GBM (Grupo de Bombeiros Militares) e a Guarda Municipal.<\/p>\n<p>No Grupamento das entidades e clubes de servi\u00e7os, estiveram a Associa\u00e7\u00e3o de Pais e Amigos dos Excepcionais (Apae), Associa\u00e7\u00e3o aos Portadores de C\u00e2ncer, Lions Clube Ilh\u00e9us-Centro\/Ilh\u00e9us-Pontal e Ilh\u00e9us-Norte, Rotary Club de Ilh\u00e9us Jorge Amado, Interact Clube de Ilh\u00e9us Jorge Amado, Ma\u00e7onaria\/Ordem Demolay, Clube dos Desbravadores (Igreja Adventista), Conselho Tutelar de Ilh\u00e9us e Associa\u00e7\u00e3o Leandro Ferreira de Tae Kwon Do.<\/p>\n<p>Dentre as escolas locais, desfilaram a Escola Dom Pedro II, Centro Estadual de Educa\u00e7\u00e3o Profissional \u00c1lvaro Melo Vieira (antigo Ceamev), Centro de Educa\u00e7\u00e3o Profissional em Log\u00edstica, Transporte e Produ\u00e7\u00e3o Industrial (antigo Col\u00e9gio Estadual de Ilh\u00e9us), Col\u00e9gio Estadual Ant\u00f4nio S\u00e1 Pereira, Escola Municipal Them\u00edstocles Andrade, Escola Municipal do Salobrinho, Escola Municipal do Pontal, Escola Municipal do Banco da Vit\u00f3ria, Escola Municipal Princesa Isabel e Instituto Municipal de Ensino Eus\u00ednio Lavigne (IME-Centro).<\/p>\n<p><strong>Presen\u00e7as<\/strong>\u00a0&#8211; Prestigiaram o Desfile C\u00edvico, o presidente da C\u00e2mara, Tarc\u00edsio Paix\u00e3o, os vereadores Luiz Carlos (Escuta) e Roque Cavalcante, os secret\u00e1rios municipais de Administra\u00e7\u00e3o, Ricardo Machado, de Turismo e Esportes (Setur), Josenaldo Cerqueira, de Sa\u00fade (Sesau), Ant\u00f4nio Ock\u00e9, de Rela\u00e7\u00f5es Institucionais (Serin), Frederico Vesper, de Desenvolvimento Social (SDS), Jamil Ock\u00e9, de Servi\u00e7os Urbanos (Secsurb), C\u00e9sar Benevides, de Comunica\u00e7\u00e3o Social (Secom), Val\u00e9rio de Magalh\u00e3es, de Meio Ambiente e Urbanismo (Sema), Ant\u00f4nio Vieira, de Ind\u00fastria e Com\u00e9rcio (Sedic), Roberto Garcia, e de Infraestrutura, Transporte e Tr\u00e2nsito\u00a0(Seintra), Isaac Albagli, al\u00e9m do chefe do Gabinete do Prefeito, Victor Veiga.<\/p>\n<p>Entre as autoridades militares, o palanque oficial foi prestigiado pelo chefe da 18\u00aa CSM (Circunscri\u00e7\u00e3o de Servi\u00e7o Militar), Tenente Coronel de Infantaria Roosevelt Fonseca, pelo comandante do Batalh\u00e3o de Ensino, Instru\u00e7\u00e3o e Capacita\u00e7\u00e3o (antigo 2\u00ba BPM), Tenente Coronel PM Ubiracy Barbosa da Silva, e o capit\u00e3o de corveta Luis Carlos Mendes, delegado da Capitania dos Portos.<\/p>\n<p>A organiza\u00e7\u00e3o do desfilem foi feita pela Prefeitura de Ilh\u00e9us, atrav\u00e9s da Secretarias de Educa\u00e7\u00e3o, com o apoio das secretarias de Sa\u00fade, Turismo e Esporte, Servi\u00e7os Urbanos, Administra\u00e7\u00e3o, Comunica\u00e7\u00e3o Social, Infraestrutura, Transporte e Tr\u00e2nsito, Superintend\u00eancia de Tr\u00e2nsito, Guarda Municipal, Gabinete do Prefeito, Marinha, Ex\u00e9rcito do Brasil, Pol\u00edcia Militar, Corpo de Bombeiros, 68\u00ba, 69\u00ba e 70\u00ba Companhias da Policia Militar e Companhia Independente de Policiamento Especializado da Regi\u00e3o Cacaueira, entre outras.<\/p>\n<p>&#8212;<\/p>\n<p><strong>Secretaria de Comunica\u00e7\u00e3o Social \u2013 Secom.<\/strong><\/p>\n<p><strong>Ilh\u00e9us \u2013 08.09.15<\/strong><\/p>\n","protected":false},"excerpt":{"rendered":"<p>Com o tema central \u201cBrasil, Natureza Viva e Sustent\u00e1vel: Dever de Todos N\u00f3s\u201d, o desfile aconteceu na Avenida Soares Lopes Milhares de pessoas compareceram \u00e0 Avenida Soares Lopes, em Ilh\u00e9us, na manh\u00e3 de 7 de setembro, para participar e prestigiar o Desfile C\u00edvico em homenagem aos 193 anos da Independ\u00eancia do Brasil, que teve in\u00edcio [&hellip;]<\/p>\n","protected":false},"author":2,"featured_media":0,"comment_status":"open","ping_status":"open","sticky":false,"template":"","format":"standard","meta":{"_links_to":"","_links_to_target":""},"categories":[23],"tags":[],"_links":{"self":[{"href":"https:\/\/www.r2cpress.com.br\/v1\/wp-json\/wp\/v2\/posts\/95682"}],"collection":[{"href":"https:\/\/www.r2cpress.com.br\/v1\/wp-json\/wp\/v2\/posts"}],"about":[{"href":"https:\/\/www.r2cpress.com.br\/v1\/wp-json\/wp\/v2\/types\/post"}],"author":[{"embeddable":true,"href":"https:\/\/www.r2cpress.com.br\/v1\/wp-json\/wp\/v2\/users\/2"}],"replies":[{"embeddable":true,"href":"https:\/\/www.r2cpress.com.br\/v1\/wp-json\/wp\/v2\/comments?post=95682"}],"version-history":[{"count":2,"href":"https:\/\/www.r2cpress.com.br\/v1\/wp-json\/wp\/v2\/posts\/95682\/revisions"}],"predecessor-version":[{"id":95685,"href":"https:\/\/www.r2cpress.com.br\/v1\/wp-json\/wp\/v2\/posts\/95682\/revisions\/95685"}],"wp:attachment":[{"href":"https:\/\/www.r2cpress.com.br\/v1\/wp-json\/wp\/v2\/media?parent=95682"}],"wp:term":[{"taxonomy":"category","embeddable":true,"href":"https:\/\/www.r2cpress.com.br\/v1\/wp-json\/wp\/v2\/categories?post=95682"},{"taxonomy":"post_tag","embeddable":true,"href":"https:\/\/www.r2cpress.com.br\/v1\/wp-json\/wp\/v2\/tags?post=95682"}],"curies":[{"name":"wp","href":"https:\/\/api.w.org\/{rel}","templated":true}]}}