{"id":9585,"date":"2011-02-28T08:53:26","date_gmt":"2011-02-28T11:53:26","guid":{"rendered":"http:\/\/www.r2cpress.com.br\/v1\/?p=9585"},"modified":"2011-02-28T08:53:26","modified_gmt":"2011-02-28T11:53:26","slug":"tragedia-anunciada-com-a-imprensa-no-barradao","status":"publish","type":"post","link":"https:\/\/www.r2cpress.com.br\/v1\/2011\/02\/28\/tragedia-anunciada-com-a-imprensa-no-barradao\/","title":{"rendered":"Trag\u00e9dia anunciada com a imprensa no Barrad\u00e3o"},"content":{"rendered":"<p>O torcedor do Vit\u00f3ria continua com os nervos \u00e0 flor da pele. Ainda traumatizado com o rebaixamento do clube para a 2\u00aa Divis\u00e3o do Brasileiro, e frustrado com a elimina\u00e7\u00e3o precoce da Copa do Brasil deste ano, e os mais afoitos e descontrolados, concentram sua revolta contra os profissionais de imprensa, particularmente das emissoras de r\u00e1dio, que transmitem os jogos na Tribuna de Imprensa do Barrad\u00e3o, acima do setor de cadeiras.<\/p>\n<p>N\u00e3o foi a primeira vez. Ontem um grupo de valent\u00f5es, de todas as idades, amea\u00e7ou e agrediiu com xingamentos, palavras de baixo cal\u00e3o, os radialistas de Feira de Santana, que vieram a Salvador para a transmiss\u00e3o do jogo do Bahia de Feira, e os comentaristas e cinegrafistas de emissoras de r\u00e1dio e televis\u00e3o de Salvador.. Para os valent\u00f5es, s\u00e3o eles que mandam no Barrad\u00e3o, e os profissionais de imprensa, at\u00e9 mesmo de outros Estados.<\/p>\n<p><!--more--><\/p>\n<p>O muro que forma a bancada para a imprensa instalar seus equipamentos no Barrad\u00e3o, denominado por um radialista de \u201cmuro da vergonha\u201d, \u00e9 excessivamente perto dos torcedores, deixando vulner\u00e1vel a imprensa, intimidando os locutores que muitas das vezes n\u00e3o podem sequer narrar, \u201ccantar\u201d o gol dos times visitantes, independente de competi\u00e7\u00e3o, Estadual, Copa do Brasil, Brasileiro.<\/p>\n<p>Ontem, mais uma vez, a Pol\u00edcia Militar teve que destacar um comando para garantir a estabilidade da imprensa no Barrad\u00e3o. A dire\u00e7\u00e3o do Vit\u00f3ria tem sido omissa, mas no dia em que acontecer uma agress\u00e3o f\u00edsica a profissionais da imprensa, o clube \u00e9 que vai ser punido, inclusive pela CBF, com a perda do mando de campo no Est\u00e1dio do Barrad\u00e3o.<\/p>\n<p>&#8212;<br \/>\n<a href = \"http:\/\/www.tribunadabahia.com.br\/news.php?idAtual=75019\" target = \"_news\"><b>Tribuna da Bahia<\/b><\/a><\/p>\n","protected":false},"excerpt":{"rendered":"<p>O torcedor do Vit\u00f3ria continua com os nervos \u00e0 flor da pele. Ainda traumatizado com o rebaixamento do clube para a 2\u00aa Divis\u00e3o do Brasileiro, e frustrado com a elimina\u00e7\u00e3o precoce da Copa do Brasil deste ano, e os mais afoitos e descontrolados, concentram sua revolta contra os profissionais de imprensa, particularmente das emissoras de [&hellip;]<\/p>\n","protected":false},"author":2,"featured_media":0,"comment_status":"open","ping_status":"open","sticky":false,"template":"","format":"standard","meta":{"_links_to":"","_links_to_target":""},"categories":[11],"tags":[],"_links":{"self":[{"href":"https:\/\/www.r2cpress.com.br\/v1\/wp-json\/wp\/v2\/posts\/9585"}],"collection":[{"href":"https:\/\/www.r2cpress.com.br\/v1\/wp-json\/wp\/v2\/posts"}],"about":[{"href":"https:\/\/www.r2cpress.com.br\/v1\/wp-json\/wp\/v2\/types\/post"}],"author":[{"embeddable":true,"href":"https:\/\/www.r2cpress.com.br\/v1\/wp-json\/wp\/v2\/users\/2"}],"replies":[{"embeddable":true,"href":"https:\/\/www.r2cpress.com.br\/v1\/wp-json\/wp\/v2\/comments?post=9585"}],"version-history":[{"count":2,"href":"https:\/\/www.r2cpress.com.br\/v1\/wp-json\/wp\/v2\/posts\/9585\/revisions"}],"predecessor-version":[{"id":9587,"href":"https:\/\/www.r2cpress.com.br\/v1\/wp-json\/wp\/v2\/posts\/9585\/revisions\/9587"}],"wp:attachment":[{"href":"https:\/\/www.r2cpress.com.br\/v1\/wp-json\/wp\/v2\/media?parent=9585"}],"wp:term":[{"taxonomy":"category","embeddable":true,"href":"https:\/\/www.r2cpress.com.br\/v1\/wp-json\/wp\/v2\/categories?post=9585"},{"taxonomy":"post_tag","embeddable":true,"href":"https:\/\/www.r2cpress.com.br\/v1\/wp-json\/wp\/v2\/tags?post=9585"}],"curies":[{"name":"wp","href":"https:\/\/api.w.org\/{rel}","templated":true}]}}