{"id":95912,"date":"2015-09-20T10:13:36","date_gmt":"2015-09-20T13:13:36","guid":{"rendered":"http:\/\/www.r2cpress.com.br\/v1\/?p=95912"},"modified":"2015-09-20T10:19:03","modified_gmt":"2015-09-20T13:19:03","slug":"68a-cipm-intensifica-acoes-no-alto-do-coqueiro-e-realiza-prisao-por-trafgico-de-droga-e-apreensao-de-menor-portando-arma-de-fogo","status":"publish","type":"post","link":"https:\/\/www.r2cpress.com.br\/v1\/2015\/09\/20\/68a-cipm-intensifica-acoes-no-alto-do-coqueiro-e-realiza-prisao-por-trafgico-de-droga-e-apreensao-de-menor-portando-arma-de-fogo\/","title":{"rendered":"68\u00aa CIPM INTENSIFICA A\u00c7\u00d5ES NO ALTO DO COQUEIRO E REALIZA PRIS\u00c3O POR TR\u00c1FGICO DE DROGA E APREENS\u00c3O DE MENOR PORTANDO ARMA DE FOGO."},"content":{"rendered":"<p><a href=\"http:\/\/www.r2cpress.com.br\/v1\/wp-content\/uploads\/2015\/09\/68-cipm.jpg\"><img loading=\"lazy\" class=\"aligncenter wp-image-95917 size-full\" src=\"http:\/\/www.r2cpress.com.br\/v1\/wp-content\/uploads\/2015\/09\/68-cipm.jpg\" alt=\"68\u00aa \" width=\"600\" height=\"90\" srcset=\"https:\/\/www.r2cpress.com.br\/v1\/wp-content\/uploads\/2015\/09\/68-cipm.jpg 600w, https:\/\/www.r2cpress.com.br\/v1\/wp-content\/uploads\/2015\/09\/68-cipm-300x45.jpg 300w\" sizes=\"(max-width: 600px) 100vw, 600px\" \/><\/a><\/p>\n<p>Que no dia 19\/09\/2015 por volta das 16h40min, a guarni\u00e7\u00e3o do PETO\/68, conduziu do Alto do Coqueiro\/Malhado para 7\u00aa CRPN, LUCIANO SANTANA SANTOS, 28 anos, residente no bairro Malhado, que ao ser abordado portava 11 gramas de crack, 05 petecas de coca\u00edna, 03 aparelhos de telefone celular e certa quantia em dinheiro. Conduzidos tamb\u00e9m, PAULO S\u00c9RGIO DE JESUS PEREIRA, 27 anos, residente no Alto do Coqueiro\/Malhado; ADIMILSON CONCEI\u00c7\u00c3O NASCIMENTO, 31 anos, residente no Loteamento Mangueira, bairro Barra, que estavam em companhia de Luciano. Os conduzidos foram apresentados na DP ao Agente de plant\u00e3o que registrou BO n\u00ba 15-02559\/1\u00aa DT, sendo lavrado Auto de Pris\u00e3o em Flagrante, pelo Delegado plantonista, em desfavor de Luciano Santana Santos, sob acusa\u00e7\u00e3o de tr\u00e1fico de droga,<\/p>\n<p>&#8212;<\/p>\n<p>Guarni\u00e7\u00f5es da 68\u00aa CIPM, com apoio da CAERC, tira das ruas mais uma arma de fogo. Por volta das 23h30min do dia 19\/09\/2015, em incurs\u00e3o no Alto do Coqueiro, foi apreendido o menor R. M. S, 15 anos, residente naquela localidade, que no momento da abordagem, portava 01 rev\u00f3lver calibre 38. O menor, assim como a arma de fogo, foi apresentado na 7\u00aa CRPN ao Agente plantonista para provid\u00eancias cab\u00edveis.<\/p>\n<p style=\"text-align: center;\"><strong>DENUNCIE ATRAV\u00c9S DO E-MAIL <a href=\"mailto:denuncia68pm@hotmail.com\">denuncia68pm@hotmail.com<\/a> ou ligue 9810-6182<\/strong><\/p>\n","protected":false},"excerpt":{"rendered":"<p>Que no dia 19\/09\/2015 por volta das 16h40min, a guarni\u00e7\u00e3o do PETO\/68, conduziu do Alto do Coqueiro\/Malhado para 7\u00aa CRPN, LUCIANO SANTANA SANTOS, 28 anos, residente no bairro Malhado, que ao ser abordado portava 11 gramas de crack, 05 petecas de coca\u00edna, 03 aparelhos de telefone celular e certa quantia em dinheiro. Conduzidos tamb\u00e9m, PAULO [&hellip;]<\/p>\n","protected":false},"author":2,"featured_media":0,"comment_status":"open","ping_status":"open","sticky":false,"template":"","format":"standard","meta":{"_links_to":"","_links_to_target":""},"categories":[25],"tags":[],"_links":{"self":[{"href":"https:\/\/www.r2cpress.com.br\/v1\/wp-json\/wp\/v2\/posts\/95912"}],"collection":[{"href":"https:\/\/www.r2cpress.com.br\/v1\/wp-json\/wp\/v2\/posts"}],"about":[{"href":"https:\/\/www.r2cpress.com.br\/v1\/wp-json\/wp\/v2\/types\/post"}],"author":[{"embeddable":true,"href":"https:\/\/www.r2cpress.com.br\/v1\/wp-json\/wp\/v2\/users\/2"}],"replies":[{"embeddable":true,"href":"https:\/\/www.r2cpress.com.br\/v1\/wp-json\/wp\/v2\/comments?post=95912"}],"version-history":[{"count":5,"href":"https:\/\/www.r2cpress.com.br\/v1\/wp-json\/wp\/v2\/posts\/95912\/revisions"}],"predecessor-version":[{"id":95918,"href":"https:\/\/www.r2cpress.com.br\/v1\/wp-json\/wp\/v2\/posts\/95912\/revisions\/95918"}],"wp:attachment":[{"href":"https:\/\/www.r2cpress.com.br\/v1\/wp-json\/wp\/v2\/media?parent=95912"}],"wp:term":[{"taxonomy":"category","embeddable":true,"href":"https:\/\/www.r2cpress.com.br\/v1\/wp-json\/wp\/v2\/categories?post=95912"},{"taxonomy":"post_tag","embeddable":true,"href":"https:\/\/www.r2cpress.com.br\/v1\/wp-json\/wp\/v2\/tags?post=95912"}],"curies":[{"name":"wp","href":"https:\/\/api.w.org\/{rel}","templated":true}]}}