{"id":95972,"date":"2015-09-23T13:41:06","date_gmt":"2015-09-23T16:41:06","guid":{"rendered":"http:\/\/www.r2cpress.com.br\/v1\/?p=95972"},"modified":"2015-09-23T13:41:06","modified_gmt":"2015-09-23T16:41:06","slug":"secultba-inscreve-para-colegiado-de-gestao-participativa-em-itabuna","status":"publish","type":"post","link":"https:\/\/www.r2cpress.com.br\/v1\/2015\/09\/23\/secultba-inscreve-para-colegiado-de-gestao-participativa-em-itabuna\/","title":{"rendered":"SecultBA inscreve para colegiado de gest\u00e3o participativa em Itabuna"},"content":{"rendered":"<p><em>Secretaria apresenta inst\u00e2ncia colegiada do territ\u00f3rio Litoral Sul durante a programa\u00e7\u00e3o do <\/em>Territ\u00f3rios Culturais em Di\u00e1logo<em>, no dia 24 de setembro<\/em><\/p>\n<p>A Secretaria de Cultura do estado da Bahia (SecultBA) abre inscri\u00e7\u00f5es para o colegiado de gest\u00e3o participativa\u00a0 do Centro de Cultura Adonias Filho, espa\u00e7o cultural administrado pela Secretaria em Itabuna, territ\u00f3rio do Litoral Sul. A apresenta\u00e7\u00e3o do colegiado ser\u00e1 realizada durante o evento <em>Territ\u00f3rios Culturais em Di\u00e1logos: Cidadania, Gest\u00e3o e Espa\u00e7os Culturais<\/em>, na pr\u00f3xima quinta-feira, dia 24, no mesmo centro cultural. As inscri\u00e7\u00f5es podem ser feitas atrav\u00e9s de formul\u00e1rio eletr\u00f4nico disponibilizado no site da SecultBA (<a href=\"http:\/\/www.cultura.ba.gov.br\/\">www.cultura.ba.gov.br<\/a>) at\u00e9 o dia 04 de outubro. As inscri\u00e7\u00f5es s\u00e3o gratuitas, assim como a participa\u00e7\u00e3o no evento.<\/p>\n<p>Os colegiados de gest\u00e3o participativa s\u00e3o inst\u00e2ncias de controle social para acompanhamento da gest\u00e3o dos centros de cultura. De car\u00e1ter consultivo e opinativo, o colegiado tem entre os seus objetivos a fun\u00e7\u00e3o de apoiar e avaliar a gest\u00e3o do espa\u00e7o cultural, propor estrat\u00e9gias para a dinamiza\u00e7\u00e3o do mesmo e contribuir para tornar o Centro numa refer\u00eancia na produ\u00e7\u00e3o e difus\u00e3o cultural do seu territ\u00f3rio. Cada colegiado ter\u00e1 entre cinco e 30 membros, a depender da quantidade de inscritos no processo seletivo. Ap\u00f3s as inscri\u00e7\u00f5es, ser\u00e3o eleitos os de maior representatividade cultural. A apresenta\u00e7\u00e3o do colegiado de gest\u00e3o participativa ter\u00e1 como base as instru\u00e7\u00f5es da Portaria 338\/2014, que institui os Colegiados no \u00e2mbito dos Espa\u00e7os Culturais da SecultBA.<\/p>\n<p><!--more--><\/p>\n<p>De acordo com superintendente de Desenvolvimento Territorial da Cultura da SecultBA, Sandro Magalh\u00e3es, a institui\u00e7\u00e3o do colegiado de gest\u00e3o participativa \u00e9 uma grande oportunidade para a comunidade propor a amplia\u00e7\u00e3o do conceito de centro de cultura. \u201cUm centro de cultura precisa ser mais do que uma casa de artes e espet\u00e1culos. Al\u00e9m disto, ele necessita estar no cotidiano da sociedade \u00e0 sua volta, pautando as diversas quest\u00f5es sociais do seu cotidiano, porque isto tamb\u00e9m \u00e9 cultura\u201d, destaca Sandro.<\/p>\n<p><strong>Sobre o Centro de Cultura Adonias Filho &#8211; <\/strong>O Centro de Cultura Adonias Filho foi inaugurado em 1986 e possui foyer, galeria, sala principal com 360 lugares, tr\u00eas salas de ensaio e uma concha ac\u00fastica. Em sua programa\u00e7\u00e3o costuma receber espet\u00e1culos locais e nacionais, especialmente de teatro e dan\u00e7a. O espa\u00e7o cultural leva o nome de Adonias Filho, membro da Academia Brasileira de Letras que tem larga contribui\u00e7\u00e3o cultural no pa\u00eds. Em novembro deste ano, ser\u00e1 comemorado o centen\u00e1rio de seu nascimento.<\/p>\n<p><strong>Espa\u00e7os Culturais da SecultBA &#8211;<\/strong> A Secretaria de Cultura do Estado da Bahia mant\u00e9m 17 espa\u00e7os culturais geridos pela Diretoria de Espa\u00e7os Culturais (DEC), e localizados em diversos Territ\u00f3rios de Identidade. Destes, cinco encontram-se em Salvador &#8211; Cine Teatro Solar Boa Vista, Espa\u00e7o Xisto Bahia, Casa da M\u00fasica de Itapu\u00e3, Centro de Cultura de Plataforma e Espa\u00e7o Cultural Alagados &#8211; e 12 nos munic\u00edpios de Alagoinhas, Feira de Santana, Guanambi, Itabuna, Jequi\u00e9, Juazeiro, Lauro de Freitas, Mutu\u00edpe, Porto Seguro, Santo Amaro, Valen\u00e7a e Vit\u00f3ria da Conquista. Para mais informa\u00e7\u00f5es, acesse: <a href=\"http:\/\/www.espacosculturaisbahia.org\/\">www.espacosculturaisbahia.org<\/a>.<\/p>\n<p><strong>Inscri\u00e7\u00f5es para colegiados de gest\u00e3o participativa<\/strong><\/p>\n<p>Onde: Centro de Cultura Adonias Filho (Pra\u00e7a Jos\u00e9 Almeida Alc\u00e2ntara, s\/n, Centro &#8211; Jardim do \u00d3 &#8211; Itabuna\/BA)<\/p>\n<p>Quando: De 24 de setembro a 04 de outubro de 2015<\/p>\n<p>Mais informa\u00e7\u00f5es:<\/p>\n<p>Telefone: (73) 3211-6429\/(73) 3613-9800\/(71) 3103-3415<\/p>\n<p>E-mail: <a href=\"mailto:ccadoniasfilho@gmail.com\">ccadoniasfilho@gmail.com<\/a> \/ <a href=\"mailto:diretoria.espacos@cultura.ba.gov.br\">diretoria.espacos@cultura.ba.gov.br<\/a><\/p>\n<p>Blog: <a href=\"http:\/\/www.espacosculturaisbahia.org\/\">www.espacosculturaisbahia.org<\/a><\/p>\n","protected":false},"excerpt":{"rendered":"<p>Secretaria apresenta inst\u00e2ncia colegiada do territ\u00f3rio Litoral Sul durante a programa\u00e7\u00e3o do Territ\u00f3rios Culturais em Di\u00e1logo, no dia 24 de setembro A Secretaria de Cultura do estado da Bahia (SecultBA) abre inscri\u00e7\u00f5es para o colegiado de gest\u00e3o participativa\u00a0 do Centro de Cultura Adonias Filho, espa\u00e7o cultural administrado pela Secretaria em Itabuna, territ\u00f3rio do Litoral Sul. [&hellip;]<\/p>\n","protected":false},"author":2,"featured_media":0,"comment_status":"open","ping_status":"open","sticky":false,"template":"","format":"standard","meta":{"_links_to":"","_links_to_target":""},"categories":[5,29],"tags":[],"_links":{"self":[{"href":"https:\/\/www.r2cpress.com.br\/v1\/wp-json\/wp\/v2\/posts\/95972"}],"collection":[{"href":"https:\/\/www.r2cpress.com.br\/v1\/wp-json\/wp\/v2\/posts"}],"about":[{"href":"https:\/\/www.r2cpress.com.br\/v1\/wp-json\/wp\/v2\/types\/post"}],"author":[{"embeddable":true,"href":"https:\/\/www.r2cpress.com.br\/v1\/wp-json\/wp\/v2\/users\/2"}],"replies":[{"embeddable":true,"href":"https:\/\/www.r2cpress.com.br\/v1\/wp-json\/wp\/v2\/comments?post=95972"}],"version-history":[{"count":2,"href":"https:\/\/www.r2cpress.com.br\/v1\/wp-json\/wp\/v2\/posts\/95972\/revisions"}],"predecessor-version":[{"id":95974,"href":"https:\/\/www.r2cpress.com.br\/v1\/wp-json\/wp\/v2\/posts\/95972\/revisions\/95974"}],"wp:attachment":[{"href":"https:\/\/www.r2cpress.com.br\/v1\/wp-json\/wp\/v2\/media?parent=95972"}],"wp:term":[{"taxonomy":"category","embeddable":true,"href":"https:\/\/www.r2cpress.com.br\/v1\/wp-json\/wp\/v2\/categories?post=95972"},{"taxonomy":"post_tag","embeddable":true,"href":"https:\/\/www.r2cpress.com.br\/v1\/wp-json\/wp\/v2\/tags?post=95972"}],"curies":[{"name":"wp","href":"https:\/\/api.w.org\/{rel}","templated":true}]}}