{"id":96023,"date":"2015-09-25T16:37:16","date_gmt":"2015-09-25T19:37:16","guid":{"rendered":"http:\/\/www.r2cpress.com.br\/v1\/?p=96023"},"modified":"2015-09-25T16:37:16","modified_gmt":"2015-09-25T19:37:16","slug":"prefeitura-discute-acoes-da-embasa-em-ilheus","status":"publish","type":"post","link":"https:\/\/www.r2cpress.com.br\/v1\/2015\/09\/25\/prefeitura-discute-acoes-da-embasa-em-ilheus\/","title":{"rendered":"Prefeitura discute a\u00e7\u00f5es da Embasa em Ilh\u00e9us"},"content":{"rendered":"<p><em>Uma delas \u00e9 a implanta\u00e7\u00e3o da rede de abastecimento de \u00e1gua em in\u00fameras localidades<\/em><\/p>\n<p>A Prefeitura de Ilh\u00e9us, por meio da Secretaria de Rela\u00e7\u00f5es Institucionais (Serin), realizou, na tarde desta quinta-feira, 24, reuni\u00e3o com o gerente do escrit\u00f3rio local da Empresa Baiana de \u00c1gua e Saneamento, Jos\u00e9 Lavigne de Lemos. Um dos objetivos do encontro, que contou com a participa\u00e7\u00e3o do titular da Serin, Frederico V\u00e9sper, e do vereador Ivo Evangelista, foi discutir as a\u00e7\u00f5es que s\u00e3o realizadas no munic\u00edpio e informar sobre alguns problemas detectados em diferentes localidades.<\/p>\n<p>Sobre a expans\u00e3o do abastecimento de \u00e1gua no munic\u00edpio, o gerente informou, de forma gen\u00e9rica, que a Embasa j\u00e1 tem or\u00e7amento para implantar novas redes de distribui\u00e7\u00e3o em in\u00fameras localidades de Ilh\u00e9us. Para isso, carece, a partir de agora, de Governo do Estado elaborar o edital de licita\u00e7\u00e3o para o posterior in\u00edcio das obras.<\/p>\n<p>Na oportunidade, Jos\u00e9 Lavigne prestou ainda esclarecimentos sobre o fornecimento de \u00e1gua para os distritos de Castelo Novo e Rio do Engenho, nos povoados de Juerana e B\u00fazios, bairro S\u00e3o Jos\u00e9 (alto Bela Vista), al\u00e9m das obras de saneamento b\u00e1sico da zona sul de Ilh\u00e9us. Segundo ele, como j\u00e1 h\u00e1 obra de expans\u00e3o da rede de abastecimento na zona norte do munic\u00edpio, em breve essas localidades v\u00e3o deixar de sofrer com oscila\u00e7\u00f5es no recebimento da \u00e1gua.<\/p>\n<p>De acordo com o secret\u00e1rio de Rela\u00e7\u00f5es Institucionais, Frederico V\u00e9sper, o encontro foi proveitoso, pois permitiu esclarecer demandas recorrentes dos mun\u00edcipes que dizem respeito ao fornecimento de \u00e1gua. &#8220;Com as informa\u00e7\u00f5es passadas aqui na reuni\u00e3o, agora sabemos como est\u00e1 o trabalho da empresa e como ajudar na resolu\u00e7\u00f5es de problemas nessa \u00e1rea&#8221;.<\/p>\n<p>&#8212;<br \/>\nSecretaria de Comunica\u00e7\u00e3o Social \u2013 Secom.<\/p>\n","protected":false},"excerpt":{"rendered":"<p>Uma delas \u00e9 a implanta\u00e7\u00e3o da rede de abastecimento de \u00e1gua em in\u00fameras localidades A Prefeitura de Ilh\u00e9us, por meio da Secretaria de Rela\u00e7\u00f5es Institucionais (Serin), realizou, na tarde desta quinta-feira, 24, reuni\u00e3o com o gerente do escrit\u00f3rio local da Empresa Baiana de \u00c1gua e Saneamento, Jos\u00e9 Lavigne de Lemos. Um dos objetivos do encontro, [&hellip;]<\/p>\n","protected":false},"author":2,"featured_media":0,"comment_status":"open","ping_status":"open","sticky":false,"template":"","format":"standard","meta":{"_links_to":"","_links_to_target":""},"categories":[23],"tags":[],"_links":{"self":[{"href":"https:\/\/www.r2cpress.com.br\/v1\/wp-json\/wp\/v2\/posts\/96023"}],"collection":[{"href":"https:\/\/www.r2cpress.com.br\/v1\/wp-json\/wp\/v2\/posts"}],"about":[{"href":"https:\/\/www.r2cpress.com.br\/v1\/wp-json\/wp\/v2\/types\/post"}],"author":[{"embeddable":true,"href":"https:\/\/www.r2cpress.com.br\/v1\/wp-json\/wp\/v2\/users\/2"}],"replies":[{"embeddable":true,"href":"https:\/\/www.r2cpress.com.br\/v1\/wp-json\/wp\/v2\/comments?post=96023"}],"version-history":[{"count":1,"href":"https:\/\/www.r2cpress.com.br\/v1\/wp-json\/wp\/v2\/posts\/96023\/revisions"}],"predecessor-version":[{"id":96024,"href":"https:\/\/www.r2cpress.com.br\/v1\/wp-json\/wp\/v2\/posts\/96023\/revisions\/96024"}],"wp:attachment":[{"href":"https:\/\/www.r2cpress.com.br\/v1\/wp-json\/wp\/v2\/media?parent=96023"}],"wp:term":[{"taxonomy":"category","embeddable":true,"href":"https:\/\/www.r2cpress.com.br\/v1\/wp-json\/wp\/v2\/categories?post=96023"},{"taxonomy":"post_tag","embeddable":true,"href":"https:\/\/www.r2cpress.com.br\/v1\/wp-json\/wp\/v2\/tags?post=96023"}],"curies":[{"name":"wp","href":"https:\/\/api.w.org\/{rel}","templated":true}]}}