{"id":96070,"date":"2015-09-28T11:35:24","date_gmt":"2015-09-28T14:35:24","guid":{"rendered":"http:\/\/www.r2cpress.com.br\/v1\/?p=96070"},"modified":"2015-09-28T11:35:24","modified_gmt":"2015-09-28T14:35:24","slug":"prefeitura-de-ilheus-conhece-propostas-para-contratacao-de-servicos-de-saude","status":"publish","type":"post","link":"https:\/\/www.r2cpress.com.br\/v1\/2015\/09\/28\/prefeitura-de-ilheus-conhece-propostas-para-contratacao-de-servicos-de-saude\/","title":{"rendered":"Prefeitura de Ilh\u00e9us conhece propostas para contrata\u00e7\u00e3o de servi\u00e7os de sa\u00fade"},"content":{"rendered":"<p><em>Prestadores apresentaram pre\u00e7os e servi\u00e7os que poder\u00e3o ser adquiridos pela Secretaria de S\u00e1ude para atendimento \u00e0s demandas da popula\u00e7\u00e3o<\/em><\/p>\n<div id=\"attachment_96071\" style=\"width: 560px\" class=\"wp-caption aligncenter\"><a href=\"http:\/\/www.r2cpress.com.br\/v1\/wp-content\/uploads\/2015\/09\/Abertura-dos-envelopes-da-licita\u00e7\u00e3o-da-Secretaria-de-Sa\u00fade-para-servi\u00e7os-cl\u00ednicos-Foto-Alfredo-Filho-Secom-Ilh\u00e9us-4.jpg\"><img aria-describedby=\"caption-attachment-96071\" loading=\"lazy\" class=\"size-full wp-image-96071\" src=\"http:\/\/www.r2cpress.com.br\/v1\/wp-content\/uploads\/2015\/09\/Abertura-dos-envelopes-da-licita\u00e7\u00e3o-da-Secretaria-de-Sa\u00fade-para-servi\u00e7os-cl\u00ednicos-Foto-Alfredo-Filho-Secom-Ilh\u00e9us-4.jpg\" alt=\"Abertura dos envelopes da licita\u00e7\u00e3o da Secretaria de Sa\u00fade para servi\u00e7os cl\u00ednicos - Foto Alfredo Filho Secom Ilh\u00e9us.\" width=\"550\" height=\"367\" srcset=\"https:\/\/www.r2cpress.com.br\/v1\/wp-content\/uploads\/2015\/09\/Abertura-dos-envelopes-da-licita\u00e7\u00e3o-da-Secretaria-de-Sa\u00fade-para-servi\u00e7os-cl\u00ednicos-Foto-Alfredo-Filho-Secom-Ilh\u00e9us-4.jpg 550w, https:\/\/www.r2cpress.com.br\/v1\/wp-content\/uploads\/2015\/09\/Abertura-dos-envelopes-da-licita\u00e7\u00e3o-da-Secretaria-de-Sa\u00fade-para-servi\u00e7os-cl\u00ednicos-Foto-Alfredo-Filho-Secom-Ilh\u00e9us-4-300x200.jpg 300w\" sizes=\"(max-width: 550px) 100vw, 550px\" \/><\/a><p id=\"caption-attachment-96071\" class=\"wp-caption-text\">Abertura dos envelopes da licita\u00e7\u00e3o da Secretaria de Sa\u00fade para servi\u00e7os cl\u00ednicos &#8211; Foto Alfredo Filho Secom Ilh\u00e9us.<\/p><\/div>\n<p>A Prefeitura de Ilh\u00e9us, atrav\u00e9s da Secretaria de Sa\u00fade (Sesau) realizou, no audit\u00f3rio da Sesau, na \u00faltima semana, a abertura dos envelopes contendo as propostas dos prestadores de servi\u00e7o de sa\u00fade privados que possuem interesse em firmar contratos com o Sistema \u00danico de Sa\u00fade (SUS) no munic\u00edpio.<\/p>\n<p>O titular da Sesau, Antonio Ock\u00e9, explica que a contrata\u00e7\u00e3o de servi\u00e7os, como aqueles prestados por cl\u00ednicas, laborat\u00f3rios e hospitais se deve \u00e0 grande quantidade de procedimentos da tabela SUS a serem ofertados pela secretaria \u00e0 popula\u00e7\u00e3o. &#8220;Como n\u00e3o h\u00e1 estrutura pr\u00f3pria que d\u00ea conta de toda essa demanda, realizamos a contrata\u00e7\u00e3o desses prestadores, garantindo o acesso do ilheense aos atendimentos&#8221;.<\/p>\n<p>At\u00e9 chegar \u00e0 abertura dos envelopes, os prestadores de servi\u00e7os de sa\u00fade interessados precisaram realizar cadastro no sistema e da\u00ed puderam apresentar suas propostas. O secret\u00e1rio Ock\u00e9 salienta que esta iniciativa traz clareza, idoneidade e total transpar\u00eancia na contrata\u00e7\u00e3o de servi\u00e7os por parte da Sesau.<\/p>\n<p>&#8212;<\/p>\n<p><strong>Secretaria de Comunica\u00e7\u00e3o Social \u2013 Secom.<\/strong><\/p>\n","protected":false},"excerpt":{"rendered":"<p>Prestadores apresentaram pre\u00e7os e servi\u00e7os que poder\u00e3o ser adquiridos pela Secretaria de S\u00e1ude para atendimento \u00e0s demandas da popula\u00e7\u00e3o A Prefeitura de Ilh\u00e9us, atrav\u00e9s da Secretaria de Sa\u00fade (Sesau) realizou, no audit\u00f3rio da Sesau, na \u00faltima semana, a abertura dos envelopes contendo as propostas dos prestadores de servi\u00e7o de sa\u00fade privados que possuem interesse em [&hellip;]<\/p>\n","protected":false},"author":2,"featured_media":0,"comment_status":"open","ping_status":"open","sticky":false,"template":"","format":"standard","meta":{"_links_to":"","_links_to_target":""},"categories":[23,24],"tags":[],"_links":{"self":[{"href":"https:\/\/www.r2cpress.com.br\/v1\/wp-json\/wp\/v2\/posts\/96070"}],"collection":[{"href":"https:\/\/www.r2cpress.com.br\/v1\/wp-json\/wp\/v2\/posts"}],"about":[{"href":"https:\/\/www.r2cpress.com.br\/v1\/wp-json\/wp\/v2\/types\/post"}],"author":[{"embeddable":true,"href":"https:\/\/www.r2cpress.com.br\/v1\/wp-json\/wp\/v2\/users\/2"}],"replies":[{"embeddable":true,"href":"https:\/\/www.r2cpress.com.br\/v1\/wp-json\/wp\/v2\/comments?post=96070"}],"version-history":[{"count":1,"href":"https:\/\/www.r2cpress.com.br\/v1\/wp-json\/wp\/v2\/posts\/96070\/revisions"}],"predecessor-version":[{"id":96072,"href":"https:\/\/www.r2cpress.com.br\/v1\/wp-json\/wp\/v2\/posts\/96070\/revisions\/96072"}],"wp:attachment":[{"href":"https:\/\/www.r2cpress.com.br\/v1\/wp-json\/wp\/v2\/media?parent=96070"}],"wp:term":[{"taxonomy":"category","embeddable":true,"href":"https:\/\/www.r2cpress.com.br\/v1\/wp-json\/wp\/v2\/categories?post=96070"},{"taxonomy":"post_tag","embeddable":true,"href":"https:\/\/www.r2cpress.com.br\/v1\/wp-json\/wp\/v2\/tags?post=96070"}],"curies":[{"name":"wp","href":"https:\/\/api.w.org\/{rel}","templated":true}]}}