{"id":96091,"date":"2015-09-29T06:16:29","date_gmt":"2015-09-29T09:16:29","guid":{"rendered":"http:\/\/www.r2cpress.com.br\/v1\/?p=96091"},"modified":"2015-09-29T06:16:29","modified_gmt":"2015-09-29T09:16:29","slug":"luiz-castro-em-decolores-205","status":"publish","type":"post","link":"https:\/\/www.r2cpress.com.br\/v1\/2015\/09\/29\/luiz-castro-em-decolores-205\/","title":{"rendered":"Luiz Castro em: DECOLORES"},"content":{"rendered":"<h2 style=\"text-align: center;\"><strong>HOMENAGEM A JOILSON E DUDU (Saudades Eternas)<\/strong><\/h2>\n<p style=\"text-align: center;\"><strong><img loading=\"lazy\" class=\"alignleft\" src=\"http:\/\/www.r2cpress.com.br\/v1\/wp-content\/uploads\/luiz-castro_novo-emaIL.jpg\" alt=\"\" width=\"300\" height=\"118\" \/><\/strong><\/p>\n<p>A vida nos ensina que todas as homenagens ter\u00e3o que ser feitas em vida, depois da morte n\u00e3o interessa, j\u00e1 era&#8230;, mais gostaria de registrar \u00a0minhas homenagens aos meus queridos irm\u00e3os em Cristo Dr. Joilson Paulino dos Santos e Evanildes, pelos relevantes servi\u00e7os prestados a comunidade Ilheense.<\/p>\n<p>Na profiss\u00e3o de odontologo, trabalhou por mais de 40 anos na Secretaria de Sa\u00fade, onde recentemente aposentou-se por for\u00e7a da Lei, caso contrario ainda teria prestando seus pr\u00e9stimos nos bairros e distritos. Contudo, por for\u00e7a das circunstancias n\u00e3o vinha atendendo seus clientes no Edif\u00edcio Paranagu\u00e1 \u2013 5\u00ba andar.<\/p>\n<p>Como esportista foi um excelente atleta de basquete junto a outras feras: Wilson Longo, An\u00e9sio, Albenzio, Moscoso e Jo\u00e3o Silva, conquistando v\u00e1rios t\u00edtulos municipal e intermunicipal, al\u00e9m\u00a0 de ter sido atleta do Alvarez Cabral de Vit\u00f3ria \u2013 ES.<\/p>\n<p>Aposentando-se como jogador, resolver ser dirigente da Liga Ilheense de esporte de quadra, que junto aos saudosos Professor Oswaldo Ramos e Ber\u00e1, realizaram v\u00e1rios torneios de quadra com a participa\u00e7\u00e3o de agremia\u00e7\u00f5es de Salvador, Vit\u00f3ria e Aracaju. No futebol de campo foi Presidente da Liga Ilheense de Futebol e diretor do Flamengo de Ilh\u00e9us (amarelo e preto)\u00a0 de Gildasio Almeida. Atualmente torce apenas pelo Colo Colo e o Flamengo do Rio de Janeiro, que nos dias de futebol, ele conseguia ao mesmo tempo: ler o jornal O globo, ouvir a radio globo e assistir a Tv globo. (o homem era globista ao extremo&#8230;rs.rs.rs.).<\/p>\n<p>H\u00e1 30 anos o \u201cmulato de qualidade\u201d (segundo S\u00e1 Barreto), resolveu optar pela Igreja, participou do Cursilho da Cristandade, ap\u00f3s in\u00fameros convites da saudosa Irm\u00e3 Margarida do Hospital S\u00e3o Jos\u00e9. Ao passar dos anos e dedicando-se totalmente aos Movimentos de Igreja, chegou a Presid\u00eancia do Secretariado do Cursilho, a convite de Dom Tepe, onde fez uma administra\u00e7\u00e3o elogi\u00e1vel.<\/p>\n<p>Joilson participou tamb\u00e9m da Loja Ma\u00e7\u00f4nica Elias Ocke, e \u00a0exerceu v\u00e1rios cargos de Diretoria.<\/p>\n<p><!--more--><\/p>\n<p>N\u00e3o poderia deixar de registrar a figura de Joilson: Filho, esposo e pai de duas maravilhosas filhas: Aydil e Tate.<\/p>\n<p>Lembro-me de sua querida m\u00e3e Dona Mocinha, que vindo de \u00c1gua Preta (Uru\u00e7uca), residiu na rua do caf\u00e9, trabalhando na profiss\u00e3o de costureira, visando educar seu pupilo para um futuro melhor, vindo o mesmo formar-se na \u00e1rea da odontologia em Vit\u00f3ria do Esp\u00edrito Santo..<\/p>\n<p>Sua esposa DUDU foi uma pessoa extraordin\u00e1ria, meiga, compreensiva, amorosa, amiga dos amigos de Joilson, que nunca se aborrecia com as in\u00fameras farras hom\u00e9ricas com Bel Zaidan e Julio Adolpho, levadas a feijoada, m\u00e3o de vaca, sarapatel e a tradicional carne do sol e aquela cervejinha gelada ou wisky legitimo. Dudu sabia ser esposa, m\u00e3e, nora, amiga e irm\u00e3 de todos aqueles que convivia em seu lar, sempre tinha uma palavra amiga e aconselhadora. Para ela e Joilson, compus um acr\u00f3stico com muito carinho e amizade:<\/p>\n<p>HOMENAGEM A DUDU E JOILSON<\/p>\n<p>&nbsp;<\/p>\n<p>Ess\u00eancia da mais pura amizade<\/p>\n<p>Vivida por quem a conheceu<\/p>\n<p>Acolhiam a todos com simplicidade<\/p>\n<p>Nesta terra eles viveram<\/p>\n<p>Irm\u00e3os, caminheiros de todos os momentos<\/p>\n<p>Levaram a muitos a mensagem do amor<\/p>\n<p>Doando-se a causa com enobrecimento<\/p>\n<p>Aumentando o rebanho do Senhor<\/p>\n<p>&nbsp;<\/p>\n<p>Sorriam transmitindo esperan\u00e7a<\/p>\n<p>Olhavam o mundo com muito amor<\/p>\n<p>Alegravam-se com as crian\u00e7as<\/p>\n<p>Rezavam com f\u00e9 e fulgor<\/p>\n<p>Estendendo as suas amizades<\/p>\n<p>Semeavam carinho e amor<\/p>\n<p>&nbsp;<\/p>\n<p>Sempre estaremos unidos<\/p>\n<p>Amando a todos os irm\u00e3os<\/p>\n<p>Na vida voc\u00eas nos ensinaram<\/p>\n<p>Transmitir esta grande li\u00e7\u00e3o<\/p>\n<p>Ofertamos esta homenagem<\/p>\n<p>Sentimentos que v\u00eam do cora\u00e7\u00e3o<\/p>\n<p>&nbsp;<\/p>\n<p>Luiz Castro<\/p>\n<p>Amigo e Irm\u00e3o em Cristo Decolores<\/p>\n<p>&nbsp;<\/p>\n","protected":false},"excerpt":{"rendered":"<p>HOMENAGEM A JOILSON E DUDU (Saudades Eternas) A vida nos ensina que todas as homenagens ter\u00e3o que ser feitas em vida, depois da morte n\u00e3o interessa, j\u00e1 era&#8230;, mais gostaria de registrar \u00a0minhas homenagens aos meus queridos irm\u00e3os em Cristo Dr. Joilson Paulino dos Santos e Evanildes, pelos relevantes servi\u00e7os prestados a comunidade Ilheense. Na [&hellip;]<\/p>\n","protected":false},"author":2,"featured_media":0,"comment_status":"open","ping_status":"open","sticky":false,"template":"","format":"standard","meta":{"_links_to":"","_links_to_target":""},"categories":[10],"tags":[],"_links":{"self":[{"href":"https:\/\/www.r2cpress.com.br\/v1\/wp-json\/wp\/v2\/posts\/96091"}],"collection":[{"href":"https:\/\/www.r2cpress.com.br\/v1\/wp-json\/wp\/v2\/posts"}],"about":[{"href":"https:\/\/www.r2cpress.com.br\/v1\/wp-json\/wp\/v2\/types\/post"}],"author":[{"embeddable":true,"href":"https:\/\/www.r2cpress.com.br\/v1\/wp-json\/wp\/v2\/users\/2"}],"replies":[{"embeddable":true,"href":"https:\/\/www.r2cpress.com.br\/v1\/wp-json\/wp\/v2\/comments?post=96091"}],"version-history":[{"count":3,"href":"https:\/\/www.r2cpress.com.br\/v1\/wp-json\/wp\/v2\/posts\/96091\/revisions"}],"predecessor-version":[{"id":96094,"href":"https:\/\/www.r2cpress.com.br\/v1\/wp-json\/wp\/v2\/posts\/96091\/revisions\/96094"}],"wp:attachment":[{"href":"https:\/\/www.r2cpress.com.br\/v1\/wp-json\/wp\/v2\/media?parent=96091"}],"wp:term":[{"taxonomy":"category","embeddable":true,"href":"https:\/\/www.r2cpress.com.br\/v1\/wp-json\/wp\/v2\/categories?post=96091"},{"taxonomy":"post_tag","embeddable":true,"href":"https:\/\/www.r2cpress.com.br\/v1\/wp-json\/wp\/v2\/tags?post=96091"}],"curies":[{"name":"wp","href":"https:\/\/api.w.org\/{rel}","templated":true}]}}