{"id":96098,"date":"2015-09-29T17:49:27","date_gmt":"2015-09-29T20:49:27","guid":{"rendered":"http:\/\/www.r2cpress.com.br\/v1\/?p=96098"},"modified":"2015-09-29T17:49:27","modified_gmt":"2015-09-29T20:49:27","slug":"marisqueiras-de-ilheus-recebem-135-kits-com-epis","status":"publish","type":"post","link":"https:\/\/www.r2cpress.com.br\/v1\/2015\/09\/29\/marisqueiras-de-ilheus-recebem-135-kits-com-epis\/","title":{"rendered":"Marisqueiras de Ilh\u00e9us recebem 135 kits com EPIs"},"content":{"rendered":"<div style=\"text-align: justify;\" align=\"center\">Para minimizar os riscos ocupacionais que atinge o trabalho das marisqueiras na regi\u00e3o sul do estado, a Bahia Pesca,empresa vinculada \u00e0 Secretaria de Agricultura da Bahia (Seagri),entregar\u00e1 135 kits com equipamentos de prote\u00e7\u00e3o individual \u00e0 estas profissionais. A distribui\u00e7\u00e3o acontecer\u00e1 nesta quinta-feira, 1\u00ba de outubro, \u00e0s 9h, no Terminal Pesqueiro P\u00fablico de Ilh\u00e9us.<\/div>\n<div style=\"text-align: justify;\" align=\"center\">\n<div id=\"attachment_96099\" style=\"width: 560px\" class=\"wp-caption aligncenter\"><a href=\"http:\/\/www.r2cpress.com.br\/v1\/wp-content\/uploads\/2015\/09\/Foto-Amanda-Oliveira-GOVBA.jpg\"><img aria-describedby=\"caption-attachment-96099\" loading=\"lazy\" class=\"size-full wp-image-96099\" src=\"http:\/\/www.r2cpress.com.br\/v1\/wp-content\/uploads\/2015\/09\/Foto-Amanda-Oliveira-GOVBA.jpg\" alt=\"Foto Amanda Oliveira GOVBA\" width=\"550\" height=\"367\" srcset=\"https:\/\/www.r2cpress.com.br\/v1\/wp-content\/uploads\/2015\/09\/Foto-Amanda-Oliveira-GOVBA.jpg 550w, https:\/\/www.r2cpress.com.br\/v1\/wp-content\/uploads\/2015\/09\/Foto-Amanda-Oliveira-GOVBA-300x200.jpg 300w\" sizes=\"(max-width: 550px) 100vw, 550px\" \/><\/a><p id=\"caption-attachment-96099\" class=\"wp-caption-text\">Foto Amanda Oliveira GOVBA<\/p><\/div>\n<\/div>\n<div style=\"text-align: justify;\">\u00a0\u201cCada conjunto, desenvolvido especialmente para o trabalho de mariscagem, \u00e9 composto por pares de luvas e botas em neoprene, camisa em dry fit, cal\u00e7a e bon\u00e9 em tactel com bloqueio de 98% dos raios UVA e UVB\u201d, explica a coordenadora de promo\u00e7\u00e3o social da Bahia Pesca, Eliana Carla Ramos.<\/div>\n<div>O kit \u00e9 confeccionado com fator de prote\u00e7\u00e3o ultra-violeta, tecido especial que protege a pele e n\u00e3o absorve o calor solar, minimizando a incid\u00eancia de c\u00e2ncer, desidrata\u00e7\u00e3o e envelhecimento precoce. Al\u00e9m disso, as luvas e botas evitam que as mulheres cortem m\u00e3os e p\u00e9s ao tocar os mariscos ou caminhar nas pedras. Com a a\u00e7\u00e3o em Ilh\u00e9us, a empresa j\u00e1 distribuiu neste ano 200 kits de prote\u00e7\u00e3o.<\/div>\n<div>Al\u00e9m da entrega dos EPIs, a Bahia Pesca tamb\u00e9m distribuir\u00e1 no Terminal Pesqueiro cerca de 100 mil alevinos de tambacus, que beneficiar\u00e3o 100 fam\u00edlias da regi\u00e3o.<\/div>\n<div><\/div>\n<div align=\"right\"><strong><em>ASCOM BAHIA PESCA<\/em><\/strong><\/div>\n","protected":false},"excerpt":{"rendered":"<p>Para minimizar os riscos ocupacionais que atinge o trabalho das marisqueiras na regi\u00e3o sul do estado, a Bahia Pesca,empresa vinculada \u00e0 Secretaria de Agricultura da Bahia (Seagri),entregar\u00e1 135 kits com equipamentos de prote\u00e7\u00e3o individual \u00e0 estas profissionais. A distribui\u00e7\u00e3o acontecer\u00e1 nesta quinta-feira, 1\u00ba de outubro, \u00e0s 9h, no Terminal Pesqueiro P\u00fablico de Ilh\u00e9us. \u00a0\u201cCada conjunto, [&hellip;]<\/p>\n","protected":false},"author":2,"featured_media":0,"comment_status":"open","ping_status":"open","sticky":false,"template":"","format":"standard","meta":{"_links_to":"","_links_to_target":""},"categories":[3,29],"tags":[],"_links":{"self":[{"href":"https:\/\/www.r2cpress.com.br\/v1\/wp-json\/wp\/v2\/posts\/96098"}],"collection":[{"href":"https:\/\/www.r2cpress.com.br\/v1\/wp-json\/wp\/v2\/posts"}],"about":[{"href":"https:\/\/www.r2cpress.com.br\/v1\/wp-json\/wp\/v2\/types\/post"}],"author":[{"embeddable":true,"href":"https:\/\/www.r2cpress.com.br\/v1\/wp-json\/wp\/v2\/users\/2"}],"replies":[{"embeddable":true,"href":"https:\/\/www.r2cpress.com.br\/v1\/wp-json\/wp\/v2\/comments?post=96098"}],"version-history":[{"count":1,"href":"https:\/\/www.r2cpress.com.br\/v1\/wp-json\/wp\/v2\/posts\/96098\/revisions"}],"predecessor-version":[{"id":96100,"href":"https:\/\/www.r2cpress.com.br\/v1\/wp-json\/wp\/v2\/posts\/96098\/revisions\/96100"}],"wp:attachment":[{"href":"https:\/\/www.r2cpress.com.br\/v1\/wp-json\/wp\/v2\/media?parent=96098"}],"wp:term":[{"taxonomy":"category","embeddable":true,"href":"https:\/\/www.r2cpress.com.br\/v1\/wp-json\/wp\/v2\/categories?post=96098"},{"taxonomy":"post_tag","embeddable":true,"href":"https:\/\/www.r2cpress.com.br\/v1\/wp-json\/wp\/v2\/tags?post=96098"}],"curies":[{"name":"wp","href":"https:\/\/api.w.org\/{rel}","templated":true}]}}