{"id":96101,"date":"2015-09-29T17:57:06","date_gmt":"2015-09-29T20:57:06","guid":{"rendered":"http:\/\/www.r2cpress.com.br\/v1\/?p=96101"},"modified":"2015-09-29T17:57:06","modified_gmt":"2015-09-29T20:57:06","slug":"comunicando-2","status":"publish","type":"post","link":"https:\/\/www.r2cpress.com.br\/v1\/2015\/09\/29\/comunicando-2\/","title":{"rendered":"Comunicando"},"content":{"rendered":"<p style=\"text-align: center;\"><strong>Prefeitura de Ilh\u00e9us<\/strong><\/p>\n<p style=\"text-align: center;\"><strong>Secretaria de Sa\u00fade<\/strong><\/p>\n<p style=\"text-align: center;\"><strong>Comunicado<\/strong><\/p>\n<p>A Secretaria de Sa\u00fade (Sesau) de Ilh\u00e9us comunica que, excepcionalmente, nesta quarta-feira, 30 de setembro de 2015, o atendimento ao p\u00fablico ser\u00e1 suspenso na Farm\u00e1cia P\u00fablica, localizada \u00e0 Rua Teodoro Sampaio, no bairro Cidade Nova. Durante todo o dia, ser\u00e1 feito servi\u00e7o de ajuste de estoque atrav\u00e9s do sistema informatizado, cujo procedimento requer a paralisa\u00e7\u00e3o do fornecimento de medicamentos. O atendimento ser\u00e1 normalizado no dia seguinte, 1\u00b0 de outubro.<\/p>\n<p style=\"text-align: center;\"><strong>Ilh\u00e9us, 29.09.15<\/strong><\/p>\n<p style=\"text-align: center;\"><strong>\u00a0<\/strong><strong>Simone Soares<\/strong><\/p>\n<p style=\"text-align: center;\"><strong>Coordenadora de Assist\u00eancia Farmac\u00eautica da Sesau<\/strong><\/p>\n","protected":false},"excerpt":{"rendered":"<p>Prefeitura de Ilh\u00e9us Secretaria de Sa\u00fade Comunicado A Secretaria de Sa\u00fade (Sesau) de Ilh\u00e9us comunica que, excepcionalmente, nesta quarta-feira, 30 de setembro de 2015, o atendimento ao p\u00fablico ser\u00e1 suspenso na Farm\u00e1cia P\u00fablica, localizada \u00e0 Rua Teodoro Sampaio, no bairro Cidade Nova. Durante todo o dia, ser\u00e1 feito servi\u00e7o de ajuste de estoque atrav\u00e9s do [&hellip;]<\/p>\n","protected":false},"author":2,"featured_media":0,"comment_status":"open","ping_status":"open","sticky":false,"template":"","format":"standard","meta":{"_links_to":"","_links_to_target":""},"categories":[23,24],"tags":[],"_links":{"self":[{"href":"https:\/\/www.r2cpress.com.br\/v1\/wp-json\/wp\/v2\/posts\/96101"}],"collection":[{"href":"https:\/\/www.r2cpress.com.br\/v1\/wp-json\/wp\/v2\/posts"}],"about":[{"href":"https:\/\/www.r2cpress.com.br\/v1\/wp-json\/wp\/v2\/types\/post"}],"author":[{"embeddable":true,"href":"https:\/\/www.r2cpress.com.br\/v1\/wp-json\/wp\/v2\/users\/2"}],"replies":[{"embeddable":true,"href":"https:\/\/www.r2cpress.com.br\/v1\/wp-json\/wp\/v2\/comments?post=96101"}],"version-history":[{"count":1,"href":"https:\/\/www.r2cpress.com.br\/v1\/wp-json\/wp\/v2\/posts\/96101\/revisions"}],"predecessor-version":[{"id":96102,"href":"https:\/\/www.r2cpress.com.br\/v1\/wp-json\/wp\/v2\/posts\/96101\/revisions\/96102"}],"wp:attachment":[{"href":"https:\/\/www.r2cpress.com.br\/v1\/wp-json\/wp\/v2\/media?parent=96101"}],"wp:term":[{"taxonomy":"category","embeddable":true,"href":"https:\/\/www.r2cpress.com.br\/v1\/wp-json\/wp\/v2\/categories?post=96101"},{"taxonomy":"post_tag","embeddable":true,"href":"https:\/\/www.r2cpress.com.br\/v1\/wp-json\/wp\/v2\/tags?post=96101"}],"curies":[{"name":"wp","href":"https:\/\/api.w.org\/{rel}","templated":true}]}}