{"id":96103,"date":"2015-09-29T17:59:45","date_gmt":"2015-09-29T20:59:45","guid":{"rendered":"http:\/\/www.r2cpress.com.br\/v1\/?p=96103"},"modified":"2015-09-29T17:59:45","modified_gmt":"2015-09-29T20:59:45","slug":"pescadores-de-ilheus-e-valenca-recebem-curso-de-capacitacao","status":"publish","type":"post","link":"https:\/\/www.r2cpress.com.br\/v1\/2015\/09\/29\/pescadores-de-ilheus-e-valenca-recebem-curso-de-capacitacao\/","title":{"rendered":"Pescadores de Ilh\u00e9us e Valen\u00e7a recebem curso de capacita\u00e7\u00e3o"},"content":{"rendered":"<p>O pescado produzido em Ilh\u00e9us e Valen\u00e7a passa a ter mais qualidade a partir desta semana. A Bahia Pesca e o Minist\u00e9rio da Pesca e Aquicultura realizam nas duas cidades um curso de beneficiamento do pescado, que capacitar\u00e1 cerca de 40 pescadores dos munic\u00edpios. Em Ilh\u00e9us a a\u00e7\u00e3o, que faz parte da Semana do Peixe, acontece amanh\u00e3 (30\/09), na Col\u00f4nia de Pescadores Z-34.\u00a0 J\u00e1 em Valen\u00e7a o curso acontece no dia 1\u00b0\/10, na Col\u00f4nia de pescadores Z-15, sempre das 8h \u00e0s 18h.<\/p>\n<p>Entre os temas que ser\u00e3o abordados pelo palestrante e engenheiro agr\u00f4nomo Jos\u00e9 Prazeres est\u00e3o os cuidados para evitar contamina\u00e7\u00f5es do pescado, an\u00e1lise sensorial do peixe, processos de conserva\u00e7\u00e3o e o descarte correto dos res\u00edduos.<\/p>\n<p><strong>Servi\u00e7o<\/strong><\/p>\n<p><strong>O qu\u00ea<\/strong>: Curso de beneficiamento do pescado<\/p>\n<p><strong>Quando<\/strong>: 30\/09 em Ilh\u00e9us; 1\u00b0\/10 em Valen\u00e7a<\/p>\n<p><strong>Onde<\/strong>: Em Ilh\u00e9us, na Col\u00f4nia de Pescadores Z-34<\/p>\n<p>Em Valen\u00e7a, na Col\u00f4nia de pescadores Z-15<\/p>\n<p style=\"text-align: right;\"><strong><em>\u00a0<\/em><\/strong><strong><em>ASCOM BAHIA PESCA<\/em><\/strong><\/p>\n","protected":false},"excerpt":{"rendered":"<p>O pescado produzido em Ilh\u00e9us e Valen\u00e7a passa a ter mais qualidade a partir desta semana. A Bahia Pesca e o Minist\u00e9rio da Pesca e Aquicultura realizam nas duas cidades um curso de beneficiamento do pescado, que capacitar\u00e1 cerca de 40 pescadores dos munic\u00edpios. Em Ilh\u00e9us a a\u00e7\u00e3o, que faz parte da Semana do Peixe, [&hellip;]<\/p>\n","protected":false},"author":2,"featured_media":0,"comment_status":"open","ping_status":"open","sticky":false,"template":"","format":"standard","meta":{"_links_to":"","_links_to_target":""},"categories":[29],"tags":[],"_links":{"self":[{"href":"https:\/\/www.r2cpress.com.br\/v1\/wp-json\/wp\/v2\/posts\/96103"}],"collection":[{"href":"https:\/\/www.r2cpress.com.br\/v1\/wp-json\/wp\/v2\/posts"}],"about":[{"href":"https:\/\/www.r2cpress.com.br\/v1\/wp-json\/wp\/v2\/types\/post"}],"author":[{"embeddable":true,"href":"https:\/\/www.r2cpress.com.br\/v1\/wp-json\/wp\/v2\/users\/2"}],"replies":[{"embeddable":true,"href":"https:\/\/www.r2cpress.com.br\/v1\/wp-json\/wp\/v2\/comments?post=96103"}],"version-history":[{"count":2,"href":"https:\/\/www.r2cpress.com.br\/v1\/wp-json\/wp\/v2\/posts\/96103\/revisions"}],"predecessor-version":[{"id":96105,"href":"https:\/\/www.r2cpress.com.br\/v1\/wp-json\/wp\/v2\/posts\/96103\/revisions\/96105"}],"wp:attachment":[{"href":"https:\/\/www.r2cpress.com.br\/v1\/wp-json\/wp\/v2\/media?parent=96103"}],"wp:term":[{"taxonomy":"category","embeddable":true,"href":"https:\/\/www.r2cpress.com.br\/v1\/wp-json\/wp\/v2\/categories?post=96103"},{"taxonomy":"post_tag","embeddable":true,"href":"https:\/\/www.r2cpress.com.br\/v1\/wp-json\/wp\/v2\/tags?post=96103"}],"curies":[{"name":"wp","href":"https:\/\/api.w.org\/{rel}","templated":true}]}}