{"id":96108,"date":"2015-09-30T13:52:56","date_gmt":"2015-09-30T16:52:56","guid":{"rendered":"http:\/\/www.r2cpress.com.br\/v1\/?p=96108"},"modified":"2015-09-30T13:52:56","modified_gmt":"2015-09-30T16:52:56","slug":"nova-emergencia-pediatrica-amplia-atendimento-do-planserv","status":"publish","type":"post","link":"https:\/\/www.r2cpress.com.br\/v1\/2015\/09\/30\/nova-emergencia-pediatrica-amplia-atendimento-do-planserv\/","title":{"rendered":"Nova emerg\u00eancia pedi\u00e1trica amplia atendimento do Planserv"},"content":{"rendered":"<p>Os benefici\u00e1rios da Assist\u00eancia \u00e0 Sa\u00fade dos Servidores P\u00fablicos Estaduais (Planserv) j\u00e1 podem contar com mais um servi\u00e7o de pronto atendimento para crian\u00e7as e adolescentes na capital baiana. Inaugurada na manh\u00e3 desta ter\u00e7a-feira (29), a nova unidade de urg\u00eancia e emerg\u00eancia pedi\u00e1trica do Hospital Salvador, no bairro da Federa\u00e7\u00e3o, tem capacidade para mais de cinco mil atendimentos mensais, ampliando a oferta da especialidade na rede conveniada.<\/p>\n<div id=\"attachment_96109\" style=\"width: 560px\" class=\"wp-caption aligncenter\"><a href=\"http:\/\/www.r2cpress.com.br\/v1\/wp-content\/uploads\/2015\/09\/Foto-by-Carol-Garcia-GOVBA.jpg\"><img aria-describedby=\"caption-attachment-96109\" loading=\"lazy\" class=\"size-full wp-image-96109\" src=\"http:\/\/www.r2cpress.com.br\/v1\/wp-content\/uploads\/2015\/09\/Foto-by-Carol-Garcia-GOVBA.jpg\" alt=\"Foto by Carol Garcia GOVBA.\" width=\"550\" height=\"367\" srcset=\"https:\/\/www.r2cpress.com.br\/v1\/wp-content\/uploads\/2015\/09\/Foto-by-Carol-Garcia-GOVBA.jpg 550w, https:\/\/www.r2cpress.com.br\/v1\/wp-content\/uploads\/2015\/09\/Foto-by-Carol-Garcia-GOVBA-300x200.jpg 300w\" sizes=\"(max-width: 550px) 100vw, 550px\" \/><\/a><p id=\"caption-attachment-96109\" class=\"wp-caption-text\">Foto by Carol Garcia GOVBA.<\/p><\/div>\n<div>\n<div>\n<div>Exclusiva para dependentes de servidores neste primeiro momento, a cria\u00e7\u00e3o da ala resulta de compromisso firmado entre o Planserv e o hospital em junho deste ano, quando a unidade passou a ser credenciada pela Secretaria da Administra\u00e7\u00e3o (Saeb). &#8220;\u00c9 uma vit\u00f3ria para o plano que ousou ao propor e o Hospital Salvador aceitou o desafio&#8221;, afirma a coordenadora-geral do Planserv, Cristina Cardoso.<\/div>\n<\/div>\n<div>\n<div><\/div>\n<div>Dos 500 mil usu\u00e1rios do Planserv em todo o estado, cerca de 100 mil s\u00e3o crian\u00e7as, sendo 42 mil em Salvador. Uma das cinco especializadas no p\u00fablico infantil na capital, a nova emerg\u00eancia possui pediatras 24 horas, consult\u00f3rios, acolhimento com triagem por classifica\u00e7\u00e3o de risco, sala de estabiliza\u00e7\u00e3o, unidade de inala\u00e7\u00e3o, al\u00e9m de ala de observa\u00e7\u00e3o e 10 leitos de internamento. &#8220;Existe uma demanda muito grande, com filas enormes para a rede Planserv, e a ideia \u00e9 dar vas\u00e3o a estas crian\u00e7as que ficam com grande tempo de espera&#8221;, explica a coordenadora m\u00e9dica do Hospital Salvador, Renata Cruz.<\/div>\n<\/div>\n<div>\n<div><\/div>\n<div>Segundo o secret\u00e1rio da Administra\u00e7\u00e3o, Edelvino G\u00f3es, nos \u00faltimos oito anos, o plano saltou de apenas uma emerg\u00eancia aberta conveniada para todas as unidades do tipo. A unidade pedi\u00e1trica \u00e9 um refor\u00e7o para a rede. &#8220;Requalificando a sua rede, o Planserv em 2006 possu\u00eda apenas uma cl\u00ednica particular e isso possibilitou aos usu\u00e1rios o acesso a um n\u00famero maior de benef\u00edcios&#8221;. No total, o plano assistencial do Estado possui 1500 servi\u00e7os e profissionais conveniados.<\/div>\n<\/div>\n<\/div>\n","protected":false},"excerpt":{"rendered":"<p>Os benefici\u00e1rios da Assist\u00eancia \u00e0 Sa\u00fade dos Servidores P\u00fablicos Estaduais (Planserv) j\u00e1 podem contar com mais um servi\u00e7o de pronto atendimento para crian\u00e7as e adolescentes na capital baiana. Inaugurada na manh\u00e3 desta ter\u00e7a-feira (29), a nova unidade de urg\u00eancia e emerg\u00eancia pedi\u00e1trica do Hospital Salvador, no bairro da Federa\u00e7\u00e3o, tem capacidade para mais de cinco [&hellip;]<\/p>\n","protected":false},"author":2,"featured_media":0,"comment_status":"open","ping_status":"open","sticky":false,"template":"","format":"standard","meta":{"_links_to":"","_links_to_target":""},"categories":[29,24],"tags":[],"_links":{"self":[{"href":"https:\/\/www.r2cpress.com.br\/v1\/wp-json\/wp\/v2\/posts\/96108"}],"collection":[{"href":"https:\/\/www.r2cpress.com.br\/v1\/wp-json\/wp\/v2\/posts"}],"about":[{"href":"https:\/\/www.r2cpress.com.br\/v1\/wp-json\/wp\/v2\/types\/post"}],"author":[{"embeddable":true,"href":"https:\/\/www.r2cpress.com.br\/v1\/wp-json\/wp\/v2\/users\/2"}],"replies":[{"embeddable":true,"href":"https:\/\/www.r2cpress.com.br\/v1\/wp-json\/wp\/v2\/comments?post=96108"}],"version-history":[{"count":1,"href":"https:\/\/www.r2cpress.com.br\/v1\/wp-json\/wp\/v2\/posts\/96108\/revisions"}],"predecessor-version":[{"id":96110,"href":"https:\/\/www.r2cpress.com.br\/v1\/wp-json\/wp\/v2\/posts\/96108\/revisions\/96110"}],"wp:attachment":[{"href":"https:\/\/www.r2cpress.com.br\/v1\/wp-json\/wp\/v2\/media?parent=96108"}],"wp:term":[{"taxonomy":"category","embeddable":true,"href":"https:\/\/www.r2cpress.com.br\/v1\/wp-json\/wp\/v2\/categories?post=96108"},{"taxonomy":"post_tag","embeddable":true,"href":"https:\/\/www.r2cpress.com.br\/v1\/wp-json\/wp\/v2\/tags?post=96108"}],"curies":[{"name":"wp","href":"https:\/\/api.w.org\/{rel}","templated":true}]}}