{"id":96820,"date":"2015-11-02T16:35:49","date_gmt":"2015-11-02T19:35:49","guid":{"rendered":"http:\/\/www.r2cpress.com.br\/v1\/?p=96820"},"modified":"2015-11-02T16:35:49","modified_gmt":"2015-11-02T19:35:49","slug":"02-de-novembro-dia-de-finados","status":"publish","type":"post","link":"https:\/\/www.r2cpress.com.br\/v1\/2015\/11\/02\/02-de-novembro-dia-de-finados\/","title":{"rendered":"02 DE NOVEMBRO \u2013 DIA DE FINADOS"},"content":{"rendered":"<p><em><strong>Na maioria dos pa\u00edses ocidentais, o Dia de Finados \u00e9 celebrado em 02 de novembro. Isso ocorre desde a Idade M\u00e9dia, ap\u00f3s essa data ter sido sugerida pelo abade Odilon de Cluny.<\/strong><\/em><\/p>\n<p>No dia <strong>02 de novembro<\/strong>, na maior parte dos pa\u00edses ocidentais, ocorre um dos mais importantes rituais religiosos da tradi\u00e7\u00e3o crist\u00e3 cat\u00f3lica, isto \u00e9, o <strong>Dia de Finados<\/strong>. Essa data tem por objetivo principal relembrar a mem\u00f3ria dos mortos, dos entes queridos que j\u00e1 se foram, bem como (para os cat\u00f3licos) rezar pela alma deles, haja vista que, de acordo com a doutrina da<strong> Igreja Cat\u00f3lica<\/strong>, a alma da maioria dos mortos est\u00e1 no<strong>Purgat\u00f3rio<\/strong> passando por um processo de purifica\u00e7\u00e3o. Por essa raz\u00e3o, a alma necessita de ora\u00e7\u00f5es dos vivos para que intercedam a Deus pelo sofrimento que as aflige. Nesse contexto, o Dia de Finados era conhecido na Idade M\u00e9dia como \u201c<strong>Dia de todas as Almas<\/strong>\u201d, dia esse que sucedia o \u201c<strong>Dia de todos os Santos<\/strong>\u201d (comemorado no dia 1\u00ba de novembro).<\/p>\n<p>Desde a \u00e9poca do cristianismo primitivo, que se desenvolveu sob as ru\u00ednas do Imp\u00e9rio Romano, que os crist\u00e3os rezavam por seus mortos, em especial pelos m\u00e1rtires, onde estes eram frequentemente enterrados: nas <strong>catacumbas<\/strong>subterr\u00e2neas da cidade de Roma. O costume de rezar pelos mortos foi sendo introduzido paulatinamente na liturgia (conjunto de rituais que s\u00e3o executados ao longo do ano) da Igreja Cat\u00f3lica. O principal respons\u00e1vel pela institui\u00e7\u00e3o de uma data espec\u00edfica dedicada \u00e0 alma dos mortos foi o monge beneditino <strong>Odilo (ou Odilon) de Cluny.<\/strong><\/p>\n<p>Odilo (962-1049) tornou-se abade de Cluny, em Borgonha, na Fran\u00e7a, uma das principais abadias constru\u00eddas no mundo medieval e respons\u00e1vel por importantes reformas no clero no per\u00edodo da <strong>Baixa Idade M\u00e9dia. <\/strong>Em 02 de novembro de 998, Odilo instituiu aos membros de sua abadia e a todos aqueles que seguiam a Ordem Beneditina a obrigatoriedade de se rezar pelos mortos. A partir do s\u00e9culo XII, essa data popularizou-se em todo o mundo crist\u00e3o medieval como o Dia de\u00a0Finados, e n\u00e3o apenas no meio clerical.<\/p>\n<p>Apesar do processo de seculariza\u00e7\u00e3o e laiciza\u00e7\u00e3o que o mundo ocidental tem passado desde a entrada da Modernidade, o dia 02 de novembro ainda \u00e9 identificado como sendo um dia espec\u00edfico para se meditar e rezar pelos mortos. Milh\u00f5es de pessoas cumprem o ritual de ir at\u00e9 os cemit\u00e9rios levar flores para depositar nas l\u00e1pides em mem\u00f3ria dos que se foram; outras levam tamb\u00e9m velas e cumprem os rituais mais tradicionais, como ora\u00e7\u00f5es, c\u00e2nticos etc.<\/p>\n<p>&#8212;<\/p>\n<p>FERNANDES, Cl\u00e1udio. &#8220;02 de Novembro \u2013 Dia de Finados&#8221;; <i>Brasil Escola<\/i>. Dispon\u00edvel em<\/p>\n<p>&lt;http:\/\/www.brasilescola.com\/datas-comemorativas\/dia-de-finados.htm&gt;.<\/p>\n<p>Acesso em 02 de novembro de 2015.<\/p>\n","protected":false},"excerpt":{"rendered":"<p>Na maioria dos pa\u00edses ocidentais, o Dia de Finados \u00e9 celebrado em 02 de novembro. Isso ocorre desde a Idade M\u00e9dia, ap\u00f3s essa data ter sido sugerida pelo abade Odilon de Cluny. No dia 02 de novembro, na maior parte dos pa\u00edses ocidentais, ocorre um dos mais importantes rituais religiosos da tradi\u00e7\u00e3o crist\u00e3 cat\u00f3lica, isto [&hellip;]<\/p>\n","protected":false},"author":2,"featured_media":0,"comment_status":"open","ping_status":"open","sticky":false,"template":"","format":"standard","meta":{"_links_to":"","_links_to_target":""},"categories":[28],"tags":[],"_links":{"self":[{"href":"https:\/\/www.r2cpress.com.br\/v1\/wp-json\/wp\/v2\/posts\/96820"}],"collection":[{"href":"https:\/\/www.r2cpress.com.br\/v1\/wp-json\/wp\/v2\/posts"}],"about":[{"href":"https:\/\/www.r2cpress.com.br\/v1\/wp-json\/wp\/v2\/types\/post"}],"author":[{"embeddable":true,"href":"https:\/\/www.r2cpress.com.br\/v1\/wp-json\/wp\/v2\/users\/2"}],"replies":[{"embeddable":true,"href":"https:\/\/www.r2cpress.com.br\/v1\/wp-json\/wp\/v2\/comments?post=96820"}],"version-history":[{"count":2,"href":"https:\/\/www.r2cpress.com.br\/v1\/wp-json\/wp\/v2\/posts\/96820\/revisions"}],"predecessor-version":[{"id":96822,"href":"https:\/\/www.r2cpress.com.br\/v1\/wp-json\/wp\/v2\/posts\/96820\/revisions\/96822"}],"wp:attachment":[{"href":"https:\/\/www.r2cpress.com.br\/v1\/wp-json\/wp\/v2\/media?parent=96820"}],"wp:term":[{"taxonomy":"category","embeddable":true,"href":"https:\/\/www.r2cpress.com.br\/v1\/wp-json\/wp\/v2\/categories?post=96820"},{"taxonomy":"post_tag","embeddable":true,"href":"https:\/\/www.r2cpress.com.br\/v1\/wp-json\/wp\/v2\/tags?post=96820"}],"curies":[{"name":"wp","href":"https:\/\/api.w.org\/{rel}","templated":true}]}}