{"id":96836,"date":"2015-11-03T10:00:18","date_gmt":"2015-11-03T13:00:18","guid":{"rendered":"http:\/\/www.r2cpress.com.br\/v1\/?p=96836"},"modified":"2015-11-03T10:00:18","modified_gmt":"2015-11-03T13:00:18","slug":"governo-lanca-pacote-de-acoes-sociais-do-programa-pacto-pela-vida","status":"publish","type":"post","link":"https:\/\/www.r2cpress.com.br\/v1\/2015\/11\/03\/governo-lanca-pacote-de-acoes-sociais-do-programa-pacto-pela-vida\/","title":{"rendered":"Governo lan\u00e7a pacote de a\u00e7\u00f5es sociais do Programa Pacto Pela Vida"},"content":{"rendered":"<div>O Governo do Estado, por meio das C\u00e2maras Setoriais de Preven\u00e7\u00e3o Social e de Enfrentamento ao Crack e Outras Drogas, realiza o lan\u00e7amento do pacote de a\u00e7\u00f5es sociais do Programa Pacto pela Vida (PPV), \u00e0s 9h desta quarta-feira (4), na Arquidiocese de S\u00e3o Salvador, no bairro do Garcia, em Salvador.<\/div>\n<div><\/div>\n<div>O governador Rui Costa apresentar\u00e1, na ocasi\u00e3o, o conjunto de a\u00e7\u00f5es que t\u00eam como objetivo fortalecer o atendimento a fam\u00edlias em situa\u00e7\u00e3o de vulnerabilidade social em \u00c1reas Integradas de Seguran\u00e7a P\u00fablica, especialmente nas \u00e1reas de Bases Comunit\u00e1rias de Seguran\u00e7a, contribuindo para a transforma\u00e7\u00e3o dos contextos sociais associados \u00e0 viol\u00eancia no estado.<\/div>\n<div><\/div>\n<div>O ato de lan\u00e7amento contar\u00e1 com a presen\u00e7a dos chefes das pastas que integram as C\u00e2maras Setoriais, os secret\u00e1rios de Justi\u00e7a, Direitos Humanos e Desenvolvimento Social (SJDHDS), Geraldo Reis; da Educa\u00e7\u00e3o, Osvaldo Barreto; do Trabalho, Emprego, Renda e Esporte (Setre), \u00c1lvaro Gomes; do coordenador do PPV, Cezar Lisboa; al\u00e9m de representantes dos poderes Legislativo, Judici\u00e1rio, Defensoria P\u00fablica do Estado e benefici\u00e1rios do programa estadual.<\/div>\n","protected":false},"excerpt":{"rendered":"<p>O Governo do Estado, por meio das C\u00e2maras Setoriais de Preven\u00e7\u00e3o Social e de Enfrentamento ao Crack e Outras Drogas, realiza o lan\u00e7amento do pacote de a\u00e7\u00f5es sociais do Programa Pacto pela Vida (PPV), \u00e0s 9h desta quarta-feira (4), na Arquidiocese de S\u00e3o Salvador, no bairro do Garcia, em Salvador. O governador Rui Costa apresentar\u00e1, [&hellip;]<\/p>\n","protected":false},"author":2,"featured_media":0,"comment_status":"open","ping_status":"open","sticky":false,"template":"","format":"standard","meta":{"_links_to":"","_links_to_target":""},"categories":[29,25],"tags":[],"_links":{"self":[{"href":"https:\/\/www.r2cpress.com.br\/v1\/wp-json\/wp\/v2\/posts\/96836"}],"collection":[{"href":"https:\/\/www.r2cpress.com.br\/v1\/wp-json\/wp\/v2\/posts"}],"about":[{"href":"https:\/\/www.r2cpress.com.br\/v1\/wp-json\/wp\/v2\/types\/post"}],"author":[{"embeddable":true,"href":"https:\/\/www.r2cpress.com.br\/v1\/wp-json\/wp\/v2\/users\/2"}],"replies":[{"embeddable":true,"href":"https:\/\/www.r2cpress.com.br\/v1\/wp-json\/wp\/v2\/comments?post=96836"}],"version-history":[{"count":1,"href":"https:\/\/www.r2cpress.com.br\/v1\/wp-json\/wp\/v2\/posts\/96836\/revisions"}],"predecessor-version":[{"id":96837,"href":"https:\/\/www.r2cpress.com.br\/v1\/wp-json\/wp\/v2\/posts\/96836\/revisions\/96837"}],"wp:attachment":[{"href":"https:\/\/www.r2cpress.com.br\/v1\/wp-json\/wp\/v2\/media?parent=96836"}],"wp:term":[{"taxonomy":"category","embeddable":true,"href":"https:\/\/www.r2cpress.com.br\/v1\/wp-json\/wp\/v2\/categories?post=96836"},{"taxonomy":"post_tag","embeddable":true,"href":"https:\/\/www.r2cpress.com.br\/v1\/wp-json\/wp\/v2\/tags?post=96836"}],"curies":[{"name":"wp","href":"https:\/\/api.w.org\/{rel}","templated":true}]}}