{"id":96841,"date":"2015-11-03T12:21:49","date_gmt":"2015-11-03T15:21:49","guid":{"rendered":"http:\/\/www.r2cpress.com.br\/v1\/?p=96841"},"modified":"2015-11-03T12:21:49","modified_gmt":"2015-11-03T15:21:49","slug":"itabuna-policia-rodoviaria-estadual","status":"publish","type":"post","link":"https:\/\/www.r2cpress.com.br\/v1\/2015\/11\/03\/itabuna-policia-rodoviaria-estadual\/","title":{"rendered":"ITABUNA \/ POL\u00cdCIA RODOVI\u00c1RIA ESTADUAL"},"content":{"rendered":"<p style=\"text-align: center;\"><strong>POL\u00cdCIA MILITAR DA BAHIA<\/strong><\/p>\n<p style=\"text-align: center;\"><strong>COMANDO DE POLICIAMENTO ESPECIALIZADO<\/strong><\/p>\n<p style=\"text-align: center;\"><strong>COMPANHIA INDEPENDENTE DE POL\u00cdCIA RODOVI\u00c1RIA ESTADUAL DE ITABUNA\u00a0 <\/strong><\/p>\n<p>&nbsp;<\/p>\n<h2 style=\"text-align: center;\"><span style=\"color: #808000;\"><strong>CIPRv\/Itabuna registra sete acidentes neste feriad\u00e3o <\/strong><\/span><\/h2>\n<h2><\/h2>\n<p><em><strong>Por: Ana Paula Pires<\/strong><\/em><\/p>\n<div id=\"attachment_96842\" style=\"width: 560px\" class=\"wp-caption aligncenter\"><a href=\"http:\/\/www.r2cpress.com.br\/v1\/wp-content\/uploads\/2015\/11\/ESTADUAL.jpg\"><img aria-describedby=\"caption-attachment-96842\" loading=\"lazy\" class=\"size-full wp-image-96842\" src=\"http:\/\/www.r2cpress.com.br\/v1\/wp-content\/uploads\/2015\/11\/ESTADUAL.jpg\" alt=\"ESTADUAL\" width=\"550\" height=\"309\" srcset=\"https:\/\/www.r2cpress.com.br\/v1\/wp-content\/uploads\/2015\/11\/ESTADUAL.jpg 550w, https:\/\/www.r2cpress.com.br\/v1\/wp-content\/uploads\/2015\/11\/ESTADUAL-300x168.jpg 300w\" sizes=\"(max-width: 550px) 100vw, 550px\" \/><\/a><p id=\"caption-attachment-96842\" class=\"wp-caption-text\">ESTADUAL<\/p><\/div>\n<p>A Companhia Independente de Pol\u00edcia Rodovi\u00e1ria de Itabuna registrou neste feriad\u00e3o, sete acidentes em toda sua \u00e1rea de jurisdi\u00e7\u00e3o. Destes, um com v\u00edtima fatal na BA 262, sentido Uru\u00e7uca\/Ilh\u00e9us, no \u00faltimo s\u00e1bado (31), por volta das 06h30 da manh\u00e3. No mesmo per\u00edodo do ano passado foram registrados sete acidentes sem v\u00edtimas. O intuito da Opera\u00e7\u00e3o Finados foi intensificar o policiamento nos trechos que d\u00e3o acesso as praias, devido ao aumento consider\u00e1vel do fluxo de ve\u00edculos neste per\u00edodo.<\/p>\n<p>Durante as blitze realizadas nos munic\u00edpios de Ilh\u00e9us, Itacar\u00e9, Canavieiras, Porto Seguro, Mucuri e Alcoba\u00e7a, foram extra\u00eddos 68 (sessenta e oito) autos de infra\u00e7\u00e3o, 2.915 (Dois mil novecentos e quinze) pessoas foram abordadas, 03 (tr\u00eas) CNH e 01 (um) CRLV foram aprendidos. Apenas 04 (quatro) ve\u00edculos ficaram retidos por falta de documento de porte obrigat\u00f3rio.<\/p>\n","protected":false},"excerpt":{"rendered":"<p>POL\u00cdCIA MILITAR DA BAHIA COMANDO DE POLICIAMENTO ESPECIALIZADO COMPANHIA INDEPENDENTE DE POL\u00cdCIA RODOVI\u00c1RIA ESTADUAL DE ITABUNA\u00a0 &nbsp; CIPRv\/Itabuna registra sete acidentes neste feriad\u00e3o Por: Ana Paula Pires A Companhia Independente de Pol\u00edcia Rodovi\u00e1ria de Itabuna registrou neste feriad\u00e3o, sete acidentes em toda sua \u00e1rea de jurisdi\u00e7\u00e3o. Destes, um com v\u00edtima fatal na BA 262, sentido [&hellip;]<\/p>\n","protected":false},"author":2,"featured_media":0,"comment_status":"open","ping_status":"open","sticky":false,"template":"","format":"standard","meta":{"_links_to":"","_links_to_target":""},"categories":[15,25],"tags":[],"_links":{"self":[{"href":"https:\/\/www.r2cpress.com.br\/v1\/wp-json\/wp\/v2\/posts\/96841"}],"collection":[{"href":"https:\/\/www.r2cpress.com.br\/v1\/wp-json\/wp\/v2\/posts"}],"about":[{"href":"https:\/\/www.r2cpress.com.br\/v1\/wp-json\/wp\/v2\/types\/post"}],"author":[{"embeddable":true,"href":"https:\/\/www.r2cpress.com.br\/v1\/wp-json\/wp\/v2\/users\/2"}],"replies":[{"embeddable":true,"href":"https:\/\/www.r2cpress.com.br\/v1\/wp-json\/wp\/v2\/comments?post=96841"}],"version-history":[{"count":1,"href":"https:\/\/www.r2cpress.com.br\/v1\/wp-json\/wp\/v2\/posts\/96841\/revisions"}],"predecessor-version":[{"id":96843,"href":"https:\/\/www.r2cpress.com.br\/v1\/wp-json\/wp\/v2\/posts\/96841\/revisions\/96843"}],"wp:attachment":[{"href":"https:\/\/www.r2cpress.com.br\/v1\/wp-json\/wp\/v2\/media?parent=96841"}],"wp:term":[{"taxonomy":"category","embeddable":true,"href":"https:\/\/www.r2cpress.com.br\/v1\/wp-json\/wp\/v2\/categories?post=96841"},{"taxonomy":"post_tag","embeddable":true,"href":"https:\/\/www.r2cpress.com.br\/v1\/wp-json\/wp\/v2\/tags?post=96841"}],"curies":[{"name":"wp","href":"https:\/\/api.w.org\/{rel}","templated":true}]}}