{"id":96851,"date":"2015-11-03T13:59:04","date_gmt":"2015-11-03T16:59:04","guid":{"rendered":"http:\/\/www.r2cpress.com.br\/v1\/?p=96851"},"modified":"2015-11-03T13:59:04","modified_gmt":"2015-11-03T16:59:04","slug":"festival-reune-artistas-em-prol-de-reforma-de-memorial-em-ilheus","status":"publish","type":"post","link":"https:\/\/www.r2cpress.com.br\/v1\/2015\/11\/03\/festival-reune-artistas-em-prol-de-reforma-de-memorial-em-ilheus\/","title":{"rendered":"FESTIVAL RE\u00daNE ARTISTAS EM PROL DE REFORMA DE MEMORIAL EM ILH\u00c9US"},"content":{"rendered":"<div>Nesta quinta-feira, dia 5, \u00e0s 19h, ser\u00e1 realizado o Festival Unz\u00f3, na Tenda Teatro Popular de Ilh\u00e9us. O evento tem o objetivo de arrecadar fundos para a reforma do Memorial Unz\u00f3 Tombenci Neto, o primeiro de matriz africana no sul da Bahia.<\/div>\n<div><\/div>\n<div>O Memorial, fundado em 2006, est\u00e1 localizado no Alto da Conquista, em Ilh\u00e9us, e busca preservar a mem\u00f3ria da religi\u00e3o africana, no entanto, desde outubro de 2014 se encontra de portas fechadas, em fun\u00e7\u00e3o de problemas com infiltra\u00e7\u00f5es, cupim, instala\u00e7\u00f5es el\u00e9tricas comprometidas, goteiras no telhado e pintura danificada.<\/div>\n<div><\/div>\n<div>Diversos artistas abra\u00e7aram a causa e j\u00e1 confirmaram presen\u00e7a no palco da Tenda: Mort\u00edfera, Dr. Imbira, Mamute Projecto, Banda Zahra, Orquestra Afro Gongombira e Bal\u00e9 Dilazenze.<\/div>\n<div><\/div>\n<div>O ingresso individual custa R$ 20 (inteira) e R$ 10 (meia), podendo ser adquirido na bilheteria da Tenda, localizada na Avenida Soares Lopes. A classifica\u00e7\u00e3o indicativa \u00e9 de 14 anos.<\/div>\n<div><\/div>\n<div><b>Tenda<\/b>\u00a0&#8211; o espa\u00e7o \u00e9 administrado pelo grupo Teatro Popular de Ilh\u00e9us (TPI), uma das 15 institui\u00e7\u00f5es apoiadas pelo programa A\u00e7\u00f5es Continuadas a Institui\u00e7\u00f5es Culturais, iniciativa da Secretaria de Cultura do Estado da Bahia (SecultBA) atrav\u00e9s do Fundo de Cultura da Bahia (FCBA). Confira a programa\u00e7\u00e3o mensal neste link:<a href=\"http:\/\/goo.gl\/c8JA7G\" target=\"_blank\" rel=\"noreferrer\">http:\/\/goo.gl\/c8JA7G<\/a>.<\/div>\n","protected":false},"excerpt":{"rendered":"<p>Nesta quinta-feira, dia 5, \u00e0s 19h, ser\u00e1 realizado o Festival Unz\u00f3, na Tenda Teatro Popular de Ilh\u00e9us. O evento tem o objetivo de arrecadar fundos para a reforma do Memorial Unz\u00f3 Tombenci Neto, o primeiro de matriz africana no sul da Bahia. O Memorial, fundado em 2006, est\u00e1 localizado no Alto da Conquista, em Ilh\u00e9us, [&hellip;]<\/p>\n","protected":false},"author":2,"featured_media":0,"comment_status":"open","ping_status":"open","sticky":false,"template":"","format":"standard","meta":{"_links_to":"","_links_to_target":""},"categories":[5],"tags":[],"_links":{"self":[{"href":"https:\/\/www.r2cpress.com.br\/v1\/wp-json\/wp\/v2\/posts\/96851"}],"collection":[{"href":"https:\/\/www.r2cpress.com.br\/v1\/wp-json\/wp\/v2\/posts"}],"about":[{"href":"https:\/\/www.r2cpress.com.br\/v1\/wp-json\/wp\/v2\/types\/post"}],"author":[{"embeddable":true,"href":"https:\/\/www.r2cpress.com.br\/v1\/wp-json\/wp\/v2\/users\/2"}],"replies":[{"embeddable":true,"href":"https:\/\/www.r2cpress.com.br\/v1\/wp-json\/wp\/v2\/comments?post=96851"}],"version-history":[{"count":1,"href":"https:\/\/www.r2cpress.com.br\/v1\/wp-json\/wp\/v2\/posts\/96851\/revisions"}],"predecessor-version":[{"id":96852,"href":"https:\/\/www.r2cpress.com.br\/v1\/wp-json\/wp\/v2\/posts\/96851\/revisions\/96852"}],"wp:attachment":[{"href":"https:\/\/www.r2cpress.com.br\/v1\/wp-json\/wp\/v2\/media?parent=96851"}],"wp:term":[{"taxonomy":"category","embeddable":true,"href":"https:\/\/www.r2cpress.com.br\/v1\/wp-json\/wp\/v2\/categories?post=96851"},{"taxonomy":"post_tag","embeddable":true,"href":"https:\/\/www.r2cpress.com.br\/v1\/wp-json\/wp\/v2\/tags?post=96851"}],"curies":[{"name":"wp","href":"https:\/\/api.w.org\/{rel}","templated":true}]}}