{"id":96853,"date":"2015-11-03T14:10:06","date_gmt":"2015-11-03T17:10:06","guid":{"rendered":"http:\/\/www.r2cpress.com.br\/v1\/?p=96853"},"modified":"2015-11-03T14:10:06","modified_gmt":"2015-11-03T17:10:06","slug":"ilheus-elege-representante-no-conselho-nacional-de-politica-cultural","status":"publish","type":"post","link":"https:\/\/www.r2cpress.com.br\/v1\/2015\/11\/03\/ilheus-elege-representante-no-conselho-nacional-de-politica-cultural\/","title":{"rendered":"Ilh\u00e9us elege representante no Conselho Nacional de Pol\u00edtica Cultural"},"content":{"rendered":"<p><strong><em>A ilheense Janete Lainha possui mais de 400 t\u00edtulos publicados, milhares de cord\u00e9is vendidos e foi eleita com 419 votos para a c\u00e2mara setorial de Livro, Literatura e Leitura<\/em><\/strong><\/p>\n<div id=\"attachment_96854\" style=\"width: 343px\" class=\"wp-caption alignright\"><a href=\"http:\/\/www.r2cpress.com.br\/v1\/wp-content\/uploads\/2015\/11\/Janete-Lainha-foi-eleita-para-o-Conselho-representando-Ilh\u00e9us.jpg\"><img aria-describedby=\"caption-attachment-96854\" loading=\"lazy\" class=\"size-full wp-image-96854\" src=\"http:\/\/www.r2cpress.com.br\/v1\/wp-content\/uploads\/2015\/11\/Janete-Lainha-foi-eleita-para-o-Conselho-representando-Ilh\u00e9us.jpg\" alt=\"Janete Lainha foi eleita para o Conselho representando Ilh\u00e9us\" width=\"333\" height=\"222\" srcset=\"https:\/\/www.r2cpress.com.br\/v1\/wp-content\/uploads\/2015\/11\/Janete-Lainha-foi-eleita-para-o-Conselho-representando-Ilh\u00e9us.jpg 333w, https:\/\/www.r2cpress.com.br\/v1\/wp-content\/uploads\/2015\/11\/Janete-Lainha-foi-eleita-para-o-Conselho-representando-Ilh\u00e9us-300x200.jpg 300w\" sizes=\"(max-width: 333px) 100vw, 333px\" \/><\/a><p id=\"caption-attachment-96854\" class=\"wp-caption-text\">Janete Lainha foi eleita para o Conselho representando Ilh\u00e9us<\/p><\/div>\n<p>O Minist\u00e9rio da Cultura (MinC) divulgou, em outubro, o resultado da primeira fase das elei\u00e7\u00f5es para o Conselho Nacional de Pol\u00edtica Cultural (CNPC), bi\u00eanio 2015-2017 e, entre os eleitos, est\u00e1 a cordelista e mestra da cultura popular em Ilh\u00e9us, Janete Lainha. Ela vai representar a cidade na c\u00e2mara setorial de Livro, Literatura e Leitura. A cadeira foi assegurada com 419 votos.<\/p>\n<p>Janete Lainha possui mais de 400 t\u00edtulos publicados, milhares de cord\u00e9is vendidos, al\u00e9m de ter um curr\u00edculo extenso com participa\u00e7\u00f5es em importantes obras cinematogr\u00e1ficas e teatrais, uma multiartista que consegue trabalhar com as mais diversas linguagens.<\/p>\n<p>Segundo divulga\u00e7\u00e3o do MinC, as etapas estaduais mobilizaram mais de 70 mil artistas, produtores, gestores, fazedores de cultura e cidad\u00e3os interessados em debater o futuro da gest\u00e3o cultural em todas as regi\u00f5es do pa\u00eds. Os eleitos, em cada estado e em cada colegiado setorial, estar\u00e3o reunidos em tr\u00eas f\u00f3runs nacionais para construir a agenda do pr\u00f3ximo bi\u00eanio e proceder a elei\u00e7\u00e3o dos representantes, titulares e suplentes, de cada um dos colegiados, al\u00e9m do pleno do CNPC.<\/p>\n<p>&nbsp;<\/p>\n<p><strong>Secretaria de Comunica\u00e7\u00e3o Social \u2013 Secom.<\/strong><\/p>\n","protected":false},"excerpt":{"rendered":"<p>A ilheense Janete Lainha possui mais de 400 t\u00edtulos publicados, milhares de cord\u00e9is vendidos e foi eleita com 419 votos para a c\u00e2mara setorial de Livro, Literatura e Leitura O Minist\u00e9rio da Cultura (MinC) divulgou, em outubro, o resultado da primeira fase das elei\u00e7\u00f5es para o Conselho Nacional de Pol\u00edtica Cultural (CNPC), bi\u00eanio 2015-2017 e, [&hellip;]<\/p>\n","protected":false},"author":2,"featured_media":0,"comment_status":"open","ping_status":"open","sticky":false,"template":"","format":"standard","meta":{"_links_to":"","_links_to_target":""},"categories":[5,23],"tags":[],"_links":{"self":[{"href":"https:\/\/www.r2cpress.com.br\/v1\/wp-json\/wp\/v2\/posts\/96853"}],"collection":[{"href":"https:\/\/www.r2cpress.com.br\/v1\/wp-json\/wp\/v2\/posts"}],"about":[{"href":"https:\/\/www.r2cpress.com.br\/v1\/wp-json\/wp\/v2\/types\/post"}],"author":[{"embeddable":true,"href":"https:\/\/www.r2cpress.com.br\/v1\/wp-json\/wp\/v2\/users\/2"}],"replies":[{"embeddable":true,"href":"https:\/\/www.r2cpress.com.br\/v1\/wp-json\/wp\/v2\/comments?post=96853"}],"version-history":[{"count":1,"href":"https:\/\/www.r2cpress.com.br\/v1\/wp-json\/wp\/v2\/posts\/96853\/revisions"}],"predecessor-version":[{"id":96855,"href":"https:\/\/www.r2cpress.com.br\/v1\/wp-json\/wp\/v2\/posts\/96853\/revisions\/96855"}],"wp:attachment":[{"href":"https:\/\/www.r2cpress.com.br\/v1\/wp-json\/wp\/v2\/media?parent=96853"}],"wp:term":[{"taxonomy":"category","embeddable":true,"href":"https:\/\/www.r2cpress.com.br\/v1\/wp-json\/wp\/v2\/categories?post=96853"},{"taxonomy":"post_tag","embeddable":true,"href":"https:\/\/www.r2cpress.com.br\/v1\/wp-json\/wp\/v2\/tags?post=96853"}],"curies":[{"name":"wp","href":"https:\/\/api.w.org\/{rel}","templated":true}]}}