{"id":96946,"date":"2015-11-07T10:03:26","date_gmt":"2015-11-07T13:03:26","guid":{"rendered":"http:\/\/www.r2cpress.com.br\/v1\/?p=96946"},"modified":"2015-11-07T10:03:26","modified_gmt":"2015-11-07T13:03:26","slug":"entidades-assinam-convenio-para-atividades-do-novembro-negro","status":"publish","type":"post","link":"https:\/\/www.r2cpress.com.br\/v1\/2015\/11\/07\/entidades-assinam-convenio-para-atividades-do-novembro-negro\/","title":{"rendered":"Entidades assinam conv\u00eanio para atividades do Novembro Negro"},"content":{"rendered":"<p>As oito entidades selecionadas por meio de edital publicado pelo Governo do Estado, atrav\u00e9s da Secretaria de Promo\u00e7\u00e3o da Igualdade Racial (Sepromi), assinaram os conv\u00eanios para o desenvolvimento de atividades durante o Novembro Negro, lan\u00e7ado na noite desta sexta-feira (6), no Museu de Arte da Bahia (MAB), localizado no Corredor da Vit\u00f3ria, em Salvador. A programa\u00e7\u00e3o completa do Novembro Negro est\u00e1 dispon\u00edvel no site da Sepromi.<br \/>\n<div style=\"width: 560px\" class=\"wp-caption aligncenter\"><img loading=\"lazy\" src=\"https:\/\/lh3.googleusercontent.com\/-ZL_rWnFNBO4\/Vj32QcpzOxI\/AAAAAAABrSQ\/twRQAF1VSRQ\/s550-Ic42\/Pedro%252520Moraes_GOVBA.jpg\" width=\"550\" height=\"367\" class \/><p class=\"wp-caption-text\">Pedro Moraes\/GOVBA<\/p><\/div><br \/>\nDiversos representantes do movimento negro, personalidades, autoridades, entre elas, os secret\u00e1rios estaduais Geraldo Reis (Justi\u00e7a, Direitos Humanos e Desenvolvimento Social), Jorge Portugal (Cultura) e Vera L\u00facia Barbosa (Sepromi) participaram do evento. As propostas contempladas s\u00e3o dos formatos caminhada, marcha, semin\u00e1rio, capacita\u00e7\u00e3o, encontro e a\u00e7\u00e3o de empreendedorismo, e est\u00e3o enquadradas nas categorias &#8220;Reconhecimento&#8221;, &#8220;Justi\u00e7a&#8221; e &#8220;Desenvolvimento&#8221;. <\/p>\n<p>A secret\u00e1ria Vera L\u00facia observou que as referidas categorias s\u00e3o eixos da D\u00e9cada Internacional Afrodescendente, incorporada na Bahia, por meio de decreto assinado em setembro pelo governador Rui Costa.  &#8220;Temos a\u00e7\u00f5es afirmativas do governo para a popula\u00e7\u00e3o negra durante todo o m\u00eas, seja ela do campo ou da cidade&#8221;.<\/p>\n<p>Al\u00e9m de diversas manifesta\u00e7\u00f5es art\u00edsticas com tem\u00e1tica afro entre elas m\u00fasica, teatro e dan\u00e7a, o lan\u00e7amento contou com a exposi\u00e7\u00e3o fotogr\u00e1fica &#8220;Faces&#8221;, de Alvaro Villela, e a apresenta\u00e7\u00e3o do projeto &#8220;Mem\u00f3rias de Resist\u00eancias Negras&#8221;, de L\u00e1zaro Roberto.<\/p>\n","protected":false},"excerpt":{"rendered":"<p>As oito entidades selecionadas por meio de edital publicado pelo Governo do Estado, atrav\u00e9s da Secretaria de Promo\u00e7\u00e3o da Igualdade Racial (Sepromi), assinaram os conv\u00eanios para o desenvolvimento de atividades durante o Novembro Negro, lan\u00e7ado na noite desta sexta-feira (6), no Museu de Arte da Bahia (MAB), localizado no Corredor da Vit\u00f3ria, em Salvador. A [&hellip;]<\/p>\n","protected":false},"author":2,"featured_media":0,"comment_status":"open","ping_status":"open","sticky":false,"template":"","format":"standard","meta":{"_links_to":"","_links_to_target":""},"categories":[5,29],"tags":[],"_links":{"self":[{"href":"https:\/\/www.r2cpress.com.br\/v1\/wp-json\/wp\/v2\/posts\/96946"}],"collection":[{"href":"https:\/\/www.r2cpress.com.br\/v1\/wp-json\/wp\/v2\/posts"}],"about":[{"href":"https:\/\/www.r2cpress.com.br\/v1\/wp-json\/wp\/v2\/types\/post"}],"author":[{"embeddable":true,"href":"https:\/\/www.r2cpress.com.br\/v1\/wp-json\/wp\/v2\/users\/2"}],"replies":[{"embeddable":true,"href":"https:\/\/www.r2cpress.com.br\/v1\/wp-json\/wp\/v2\/comments?post=96946"}],"version-history":[{"count":1,"href":"https:\/\/www.r2cpress.com.br\/v1\/wp-json\/wp\/v2\/posts\/96946\/revisions"}],"predecessor-version":[{"id":96947,"href":"https:\/\/www.r2cpress.com.br\/v1\/wp-json\/wp\/v2\/posts\/96946\/revisions\/96947"}],"wp:attachment":[{"href":"https:\/\/www.r2cpress.com.br\/v1\/wp-json\/wp\/v2\/media?parent=96946"}],"wp:term":[{"taxonomy":"category","embeddable":true,"href":"https:\/\/www.r2cpress.com.br\/v1\/wp-json\/wp\/v2\/categories?post=96946"},{"taxonomy":"post_tag","embeddable":true,"href":"https:\/\/www.r2cpress.com.br\/v1\/wp-json\/wp\/v2\/tags?post=96946"}],"curies":[{"name":"wp","href":"https:\/\/api.w.org\/{rel}","templated":true}]}}