{"id":97031,"date":"2015-11-12T08:06:49","date_gmt":"2015-11-12T11:06:49","guid":{"rendered":"http:\/\/www.r2cpress.com.br\/v1\/?p=97031"},"modified":"2015-11-12T08:06:49","modified_gmt":"2015-11-12T11:06:49","slug":"nota-de-falecimento-79","status":"publish","type":"post","link":"https:\/\/www.r2cpress.com.br\/v1\/2015\/11\/12\/nota-de-falecimento-79\/","title":{"rendered":"Nota de Falecimento"},"content":{"rendered":"<div id=\"attachment_97032\" style=\"width: 301px\" class=\"wp-caption alignleft\"><a href=\"http:\/\/www.r2cpress.com.br\/v1\/wp-content\/uploads\/2015\/11\/IRM\u00c3-BERNADETE.jpg\"><img aria-describedby=\"caption-attachment-97032\" loading=\"lazy\" class=\"size-full wp-image-97032\" src=\"http:\/\/www.r2cpress.com.br\/v1\/wp-content\/uploads\/2015\/11\/IRM\u00c3-BERNADETE.jpg\" alt=\"IRM\u00c3 BERNADETE\" width=\"291\" height=\"322\" srcset=\"https:\/\/www.r2cpress.com.br\/v1\/wp-content\/uploads\/2015\/11\/IRM\u00c3-BERNADETE.jpg 291w, https:\/\/www.r2cpress.com.br\/v1\/wp-content\/uploads\/2015\/11\/IRM\u00c3-BERNADETE-271x300.jpg 271w\" sizes=\"(max-width: 291px) 100vw, 291px\" \/><\/a><p id=\"caption-attachment-97032\" class=\"wp-caption-text\">IRM\u00c3 BERNADETE<\/p><\/div>\n<p>Hoje, 11 de novembro de 2015, faleceu a Irm\u00e3 Mission\u00e1ria da Sant\u00edssima Trindade, Bernadete Epaminondas Irm\u00e3os (conhecida na comunidade ilheense por Irm\u00e3 Dete). Bernadete foi chamada para a miss\u00e3o muito cedo, nasceu em Pedra Branca\/PB em 08 de mar\u00e7o de 1941, foi membro da Congrega\u00e7\u00e3o Franciscana Hospitaleira.<\/p>\n<p>Por 42 anos esteve a servi\u00e7o dos necessitados onde eles estivessem como membro da Associa\u00e7\u00e3o das Irm\u00e3s Mission\u00e1rias da Sant\u00edssima Trindade. Irm\u00e3 Bernadete plantou muitos frutos na Diocese de Ilh\u00e9us: pioneira na Pastoral da Sa\u00fade e colaborou na implanta\u00e7\u00e3o da Medicina Natural; Enfermeira no Hospital Regional de Ilh\u00e9us (onde se aposentou); Mission\u00e1ria no bairro Nossa Senhora das Vit\u00f3rias; tamb\u00e9m uma das fundadoras do Projeto Social, Viver no Amor (ACEAI).<\/p>\n<p>A <strong>Diocese de Ilh\u00e9us<\/strong> se solidariza nesse momento de dor e saudade com as <strong><em>Irm\u00e3s Mission\u00e1rias da Sant\u00edssima Trindade<\/em><\/strong> e a fam\u00edlia de <strong><em>Irm\u00e3 Bernadete,<\/em><\/strong> e agradece a Deus pelo seu exemplo de verdadeira disc\u00edpula de Jesus entre n\u00f3s.\u00a0 Que a Trindade a acolha na sua Ternura.<\/p>\n<p>As Irm\u00e3s Mission\u00e1rias da Sant\u00edssima Trindade, Grupo Mission\u00e1rio e Familiares da Ir. Bernadete, convidam os amigos e amigas para a Celebra\u00e7\u00e3o de despedida, que ser\u00e1 presidida por <strong><em>Dom Mauro (Bispo Diocesano),<\/em><\/strong> <strong><em>amanh\u00e3 (12.11)<\/em><\/strong>, <strong><em>\u00e0s 14:00 horas<\/em><\/strong> na <strong>ACEAI<\/strong> <em><strong>(Associa\u00e7\u00e3o Centro Educacional de A\u00e7\u00e3o Integrada) de Ilh\u00e9us<\/strong><\/em>, localizada no bairro Nossa Senhora das Vit\u00f3rias, sa\u00edda para Buerarema.<\/p>\n","protected":false},"excerpt":{"rendered":"<p>Hoje, 11 de novembro de 2015, faleceu a Irm\u00e3 Mission\u00e1ria da Sant\u00edssima Trindade, Bernadete Epaminondas Irm\u00e3os (conhecida na comunidade ilheense por Irm\u00e3 Dete). Bernadete foi chamada para a miss\u00e3o muito cedo, nasceu em Pedra Branca\/PB em 08 de mar\u00e7o de 1941, foi membro da Congrega\u00e7\u00e3o Franciscana Hospitaleira. Por 42 anos esteve a servi\u00e7o dos necessitados [&hellip;]<\/p>\n","protected":false},"author":2,"featured_media":0,"comment_status":"open","ping_status":"open","sticky":false,"template":"","format":"standard","meta":{"_links_to":"","_links_to_target":""},"categories":[14],"tags":[],"_links":{"self":[{"href":"https:\/\/www.r2cpress.com.br\/v1\/wp-json\/wp\/v2\/posts\/97031"}],"collection":[{"href":"https:\/\/www.r2cpress.com.br\/v1\/wp-json\/wp\/v2\/posts"}],"about":[{"href":"https:\/\/www.r2cpress.com.br\/v1\/wp-json\/wp\/v2\/types\/post"}],"author":[{"embeddable":true,"href":"https:\/\/www.r2cpress.com.br\/v1\/wp-json\/wp\/v2\/users\/2"}],"replies":[{"embeddable":true,"href":"https:\/\/www.r2cpress.com.br\/v1\/wp-json\/wp\/v2\/comments?post=97031"}],"version-history":[{"count":1,"href":"https:\/\/www.r2cpress.com.br\/v1\/wp-json\/wp\/v2\/posts\/97031\/revisions"}],"predecessor-version":[{"id":97033,"href":"https:\/\/www.r2cpress.com.br\/v1\/wp-json\/wp\/v2\/posts\/97031\/revisions\/97033"}],"wp:attachment":[{"href":"https:\/\/www.r2cpress.com.br\/v1\/wp-json\/wp\/v2\/media?parent=97031"}],"wp:term":[{"taxonomy":"category","embeddable":true,"href":"https:\/\/www.r2cpress.com.br\/v1\/wp-json\/wp\/v2\/categories?post=97031"},{"taxonomy":"post_tag","embeddable":true,"href":"https:\/\/www.r2cpress.com.br\/v1\/wp-json\/wp\/v2\/tags?post=97031"}],"curies":[{"name":"wp","href":"https:\/\/api.w.org\/{rel}","templated":true}]}}