{"id":97136,"date":"2015-11-17T08:58:15","date_gmt":"2015-11-17T11:58:15","guid":{"rendered":"http:\/\/www.r2cpress.com.br\/v1\/?p=97136"},"modified":"2015-11-17T09:01:08","modified_gmt":"2015-11-17T12:01:08","slug":"governador-sobrevoa-areas-atingidas-por-incendio-na-chapada-diamantina","status":"publish","type":"post","link":"https:\/\/www.r2cpress.com.br\/v1\/2015\/11\/17\/governador-sobrevoa-areas-atingidas-por-incendio-na-chapada-diamantina\/","title":{"rendered":"Governador sobrevoa \u00e1reas atingidas por inc\u00eandio na Chapada Diamantina"},"content":{"rendered":"<p id=\"story_title\" style=\"text-align: justify;\" align=\"center\"><strong><em>&#8220;Nesta ter\u00e7a-feira [17] eu estarei indo a Len\u00e7\u00f3is me reunir com a equipe [que atua no combate ao fogo], conversar com alguns prefeitos e tamb\u00e9m fazer um sobrevoo em todas as \u00e1reas onde tinham ou ainda permanecem algum foco de inc\u00eandio&#8221;, anuncia Rui.<\/em><\/strong><\/p>\n<div align=\"center\">\n<div align=\"justify\"><span style=\"font-size: large;\">Segundo ele, equipes permanentes est\u00e3o na regi\u00e3o da Chapada, inclusive volunt\u00e1rios. &#8220;&#8230; eu quero, desde j\u00e1, agradecer em nome do povo da Bahia a esses volunt\u00e1rios, que trabalham n\u00e3o s\u00f3 [no combate ao] inc\u00eandio [&#8230;] ao longo do ano. Nos \u00faltimos tr\u00eas meses, temos monitorado e feito interven\u00e7\u00f5es no sentido de controlar os inc\u00eandios&#8221;.<br \/>\n<\/span><span style=\"font-size: large;\"><br \/>\nO governador cita que, na semana passada, houve dispers\u00e3o do fogo em v\u00e1rios pontos e, no \u00faltimo final de semana, as equipes atuaram com aeronaves, trator, m\u00e1quina, carro-pipa, num trabalho que envolve mais de 100 pessoas. &#8220;Quero agradecer tamb\u00e9m ao Ex\u00e9rcito, \u00e0 Aeron\u00e1utica, \u00e0s prefeituras que t\u00eam nos ajudado muito, a esses prefeitos e prefeitas da Chapada, e aos volunt\u00e1rios&#8221;.<br \/>\n<\/span><span style=\"font-size: large;\"><br \/>\nAinda no Diga\u00ed, Governador!, Rui afirma ter conversado com o secret\u00e1rio do Meio Ambiente, Eug\u00eanio Spengler, sobre a import\u00e2ncia da conscientiza\u00e7\u00e3o dos moradores em rela\u00e7\u00e3o \u00e0 preserva\u00e7\u00e3o ambiental. &#8220;Eu pretendo entrar com uma campanha do Governo do Estado, junto com as prefeituras, forte e com material explicativo nas pousadas e nos hot\u00e9is tamb\u00e9m&#8221;, refor\u00e7a.<br \/>\n<\/span><span style=\"font-size: large;\"><br \/>\n<\/span><span style=\"font-size: large;\"><strong>Semana da Consci\u00eancia Negra<\/strong><\/span><\/div>\n<div align=\"justify\"><span style=\"font-size: large;\"><br \/>\n<\/span><span style=\"font-size: large;\"><br \/>\n<!--more--><br \/>\nAo falar sobre os atentados em Paris, Rui diz que &#8220;nada justifica tirar a vida de outro ser humano e, portanto, quero deixar aqui a minha solidariedade ao povo franc\u00eas e dizer que a humanidade precisa refletir e cultivar, cada vez mais, os valores da vida e os valores do respeito ao pr\u00f3ximo. O mesmo respeito que n\u00f3s, que estamos na Semana da Consci\u00eancia Negra (sexta-feira \u00e9 o dia 20 de novembro), devemos ter [com] todo cidad\u00e3o. Os seres humanos s\u00e3o iguais. N\u00e3o importa a cor da pele, n\u00e3o importa o tipo do cabelo, a cor dos olhos [&#8230;].<br \/>\n<\/span><span style=\"font-size: large;\"><br \/>\nAinda sobre igualdade, o governador afirma que &#8220;os seres humanos s\u00e3o todos iguais perante Deus, e, portanto, acho que n\u00f3s devemos respeitar as pessoas e cultivar um sentimento de solidariedade, de amor&#8230; Isso vale para outras na\u00e7\u00f5es, mas vale tamb\u00e9m aqui para n\u00f3s&#8221;.<br \/>\n<\/span><span style=\"font-size: large;\"><br \/>\nRui tamb\u00e9m fala sobre o coment\u00e1rio de Vov\u00f4 do Il\u00ea feito no programa de r\u00e1dio, no qual afirma que &#8220;a quest\u00e3o do racismo [&#8230;] parece um edif\u00edcio [&#8230;]. Est\u00e1 sempre mudando a fachada e a gente tem que estar sempre procurando tamb\u00e9m outras maneiras, novas formas de combat\u00ea-la. Aqui, no caso da Bahia, n\u00f3s come\u00e7amos em 1974, no Il\u00ea Aiy\u00ea, a fazer de uma forma diferente, atrav\u00e9s da cultura e da educa\u00e7\u00e3o&#8221;.<br \/>\n<\/span><span style=\"font-size: large;\"><br \/>\nQuanto a isso, Rui enfatiza que &#8220;eu concordo em g\u00eanero, n\u00famero e grau com Vov\u00f4. \u00c9 atrav\u00e9s da afirma\u00e7\u00e3o da educa\u00e7\u00e3o, da cultura, da arte, da oportunidade do emprego, que n\u00f3s vamos vencer o racismo, que n\u00f3s vamos devolver ao povo negro um hist\u00f3rico de cerceamento de oportunidades que, ao longo da hist\u00f3ria do Brasil, [foi] retirado do povo negro&#8221;.<br \/>\n<\/span><span style=\"font-size: large;\"><br \/>\n<\/span><span style=\"font-size: large;\"><strong>Projetos na \u00e1rea da educa\u00e7\u00e3o<\/strong><br \/>\n<\/span><span style=\"font-size: large;\"><br \/>\nO governador informa na edi\u00e7\u00e3o do Diga\u00ed, Governador! que, nesta semana, envia tr\u00eas projetos \u00e0 Assembleia Legislativa da Bahia. &#8220;Um \u00e9 o Plano de Educa\u00e7\u00e3o do Estado da Bahia, o segundo \u00e9 o plano que garante o primeiro emprego para os alunos da rede p\u00fablica, e o terceiro \u00e9 o projeto que n\u00f3s estamos chamando bolsa de estudo para os alunos [&#8230;] socialmente vulner\u00e1veis e que est\u00e3o nas unidades p\u00fablicas do Estado&#8221;.<br \/>\n<\/span><span style=\"font-size: large;\"><br \/>\nDe acordo com ele, os projetos &#8220;t\u00eam tudo a ver com a defesa da igualdade entre os seres humanos, t\u00eam tudo a ver com a repara\u00e7\u00e3o ao povo negro&#8230; Portanto, n\u00f3s estaremos com a educa\u00e7\u00e3o, com a afirma\u00e7\u00e3o da cultura, para que possamos levar tamb\u00e9m paz para a essas comunidades&#8221;.<br \/>\n<\/span><span style=\"font-size: large;\"><br \/>\nRui Costa finaliza o programa &#8220;torcendo para que, na pr\u00f3xima segunda-feira [23], n\u00f3s j\u00e1 tenhamos controlado 100% do inc\u00eandio na Chapada. Eu diria que agora, nesse momento, estamos [com] 70%, mas na pr\u00f3xima grava\u00e7\u00e3o, com o apoio dos volunt\u00e1rios, do Ex\u00e9rcito, da Aeron\u00e1utica, n\u00f3s chegaremos a 100%&#8221;.<br \/>\n<\/span><span style=\"font-size: large;\"><br \/>\nO Diga\u00ed, Governador! \u00e9 produzido pela Secretaria de Comunica\u00e7\u00e3o Social (Secom), veiculado pela R\u00e1dio Educadora FM 107,5 MHz e reproduzido por v\u00e1rios ve\u00edculos de comunica\u00e7\u00e3o. Est\u00e1 dispon\u00edvel no <strong><a href=\"http:\/\/www.secom.ba.gov.br\/\" target=\"_blank\" rel=\"noreferrer\">site da Secom<\/a><\/strong> e pelo telefone 0800-071-7328.<\/span><\/div>\n<\/div>\n<p><!--more--><\/p>\n","protected":false},"excerpt":{"rendered":"<p>&#8220;Nesta ter\u00e7a-feira [17] eu estarei indo a Len\u00e7\u00f3is me reunir com a equipe [que atua no combate ao fogo], conversar com alguns prefeitos e tamb\u00e9m fazer um sobrevoo em todas as \u00e1reas onde tinham ou ainda permanecem algum foco de inc\u00eandio&#8221;, anuncia Rui. Segundo ele, equipes permanentes est\u00e3o na regi\u00e3o da Chapada, inclusive volunt\u00e1rios. &#8220;&#8230; [&hellip;]<\/p>\n","protected":false},"author":2,"featured_media":0,"comment_status":"open","ping_status":"open","sticky":false,"template":"","format":"standard","meta":{"_links_to":"","_links_to_target":""},"categories":[5,13,29],"tags":[],"_links":{"self":[{"href":"https:\/\/www.r2cpress.com.br\/v1\/wp-json\/wp\/v2\/posts\/97136"}],"collection":[{"href":"https:\/\/www.r2cpress.com.br\/v1\/wp-json\/wp\/v2\/posts"}],"about":[{"href":"https:\/\/www.r2cpress.com.br\/v1\/wp-json\/wp\/v2\/types\/post"}],"author":[{"embeddable":true,"href":"https:\/\/www.r2cpress.com.br\/v1\/wp-json\/wp\/v2\/users\/2"}],"replies":[{"embeddable":true,"href":"https:\/\/www.r2cpress.com.br\/v1\/wp-json\/wp\/v2\/comments?post=97136"}],"version-history":[{"count":6,"href":"https:\/\/www.r2cpress.com.br\/v1\/wp-json\/wp\/v2\/posts\/97136\/revisions"}],"predecessor-version":[{"id":97142,"href":"https:\/\/www.r2cpress.com.br\/v1\/wp-json\/wp\/v2\/posts\/97136\/revisions\/97142"}],"wp:attachment":[{"href":"https:\/\/www.r2cpress.com.br\/v1\/wp-json\/wp\/v2\/media?parent=97136"}],"wp:term":[{"taxonomy":"category","embeddable":true,"href":"https:\/\/www.r2cpress.com.br\/v1\/wp-json\/wp\/v2\/categories?post=97136"},{"taxonomy":"post_tag","embeddable":true,"href":"https:\/\/www.r2cpress.com.br\/v1\/wp-json\/wp\/v2\/tags?post=97136"}],"curies":[{"name":"wp","href":"https:\/\/api.w.org\/{rel}","templated":true}]}}