{"id":97153,"date":"2015-11-17T19:56:32","date_gmt":"2015-11-17T22:56:32","guid":{"rendered":"http:\/\/www.r2cpress.com.br\/v1\/?p=97153"},"modified":"2015-11-17T19:56:32","modified_gmt":"2015-11-17T22:56:32","slug":"celebracao-a-cristo-rei-movimenta-fies-catolicos-itajuipenses-em-prol-da-familia-e-da-cultura-de-paz","status":"publish","type":"post","link":"https:\/\/www.r2cpress.com.br\/v1\/2015\/11\/17\/celebracao-a-cristo-rei-movimenta-fies-catolicos-itajuipenses-em-prol-da-familia-e-da-cultura-de-paz\/","title":{"rendered":"CELEBRA\u00c7\u00c3O A CRISTO REI MOVIMENTA FI\u00c9S CAT\u00d3LICOS ITAJUIPENSES EM PROL DA FAM\u00cdLIA E DA CULTURA DE PAZ."},"content":{"rendered":"<p><a href=\"http:\/\/www.r2cpress.com.br\/v1\/wp-content\/uploads\/2015\/11\/Itaju\u00edpe.jpg\"><img loading=\"lazy\" class=\"alignleft size-full wp-image-97155\" src=\"http:\/\/www.r2cpress.com.br\/v1\/wp-content\/uploads\/2015\/11\/Itaju\u00edpe.jpg\" alt=\"Itaju\u00edpe\" width=\"310\" height=\"314\" srcset=\"https:\/\/www.r2cpress.com.br\/v1\/wp-content\/uploads\/2015\/11\/Itaju\u00edpe.jpg 310w, https:\/\/www.r2cpress.com.br\/v1\/wp-content\/uploads\/2015\/11\/Itaju\u00edpe-296x300.jpg 296w\" sizes=\"(max-width: 310px) 100vw, 310px\" \/><\/a>A Par\u00f3quia Sagrado Cora\u00e7\u00e3o de Jesus, no pr\u00f3ximo domingo (22) celebrar\u00e1 a grande Solenidade de Cristo Rei, que marca o encerramento do Ano Lit\u00fargico, ao mesmo tempo em que aponta a vinda gloriosa de Cristo, manifestado num amor extremo, selado na cruz e glorificado na ressurrei\u00e7\u00e3o.<\/p>\n<p>Programado o in\u00edcio das comemora\u00e7\u00f5es para as 10h00 com Missa Festiva presidida pelo P\u00e1roco o Padre Edson Hagge, num segundo momento marcado para as 12h00, Fi\u00e9is Cat\u00f3licos participar\u00e3o da <strong><em>\u201cFeijoada de Cristo Rei\u201d<\/em><\/strong> realizada pela Comunidade Religiosa no Sal\u00e3o Paroquial.<\/p>\n<p>O terceiro momento festivo acontecer\u00e1 \u00e0s 16h00 conduzido pelo grupo de m\u00fasica Minist\u00e9rio Cristo Rei, com uma caminhada: \u201cBate Cora\u00e7\u00e3o em Fam\u00edlia pela Paz\u201d. A concentra\u00e7\u00e3o para este encontro acontecer\u00e1 na Pra\u00e7a Rio Branco, Refletindo o tema da fam\u00edlia, da paz e do reinado de Cristo.<\/p>\n<p><strong><em>&#8220;O Reino de Deus est\u00e1 presente entre n\u00f3s, nas multid\u00f5es que se ajoelham e rezam, na prega\u00e7\u00e3o e na escuta da Palavra de Deus, com f\u00e9 e entusiasmo. Logo, somos todos convidados a proclamar o nosso Senhor Jesus Cristo como Rei e Senhor das nossas vidas e das nossas fam\u00edlias para uma cultura de paz!\u201d,<\/em><\/strong> destaca Padre Edson Hagge.<\/p>\n<p>&#8212;<\/p>\n<p><strong><em>PASCOM- Pastoral da Comunica\u00e7\u00e3o da Par\u00f3quia Sagrado Cora\u00e7\u00e3o de Jesus &#8211; Itaju\u00edpe\/BA.<\/em><\/strong><\/p>\n","protected":false},"excerpt":{"rendered":"<p>A Par\u00f3quia Sagrado Cora\u00e7\u00e3o de Jesus, no pr\u00f3ximo domingo (22) celebrar\u00e1 a grande Solenidade de Cristo Rei, que marca o encerramento do Ano Lit\u00fargico, ao mesmo tempo em que aponta a vinda gloriosa de Cristo, manifestado num amor extremo, selado na cruz e glorificado na ressurrei\u00e7\u00e3o. Programado o in\u00edcio das comemora\u00e7\u00f5es para as 10h00 com [&hellip;]<\/p>\n","protected":false},"author":2,"featured_media":0,"comment_status":"open","ping_status":"open","sticky":false,"template":"","format":"standard","meta":{"_links_to":"","_links_to_target":""},"categories":[13,28],"tags":[],"_links":{"self":[{"href":"https:\/\/www.r2cpress.com.br\/v1\/wp-json\/wp\/v2\/posts\/97153"}],"collection":[{"href":"https:\/\/www.r2cpress.com.br\/v1\/wp-json\/wp\/v2\/posts"}],"about":[{"href":"https:\/\/www.r2cpress.com.br\/v1\/wp-json\/wp\/v2\/types\/post"}],"author":[{"embeddable":true,"href":"https:\/\/www.r2cpress.com.br\/v1\/wp-json\/wp\/v2\/users\/2"}],"replies":[{"embeddable":true,"href":"https:\/\/www.r2cpress.com.br\/v1\/wp-json\/wp\/v2\/comments?post=97153"}],"version-history":[{"count":2,"href":"https:\/\/www.r2cpress.com.br\/v1\/wp-json\/wp\/v2\/posts\/97153\/revisions"}],"predecessor-version":[{"id":97156,"href":"https:\/\/www.r2cpress.com.br\/v1\/wp-json\/wp\/v2\/posts\/97153\/revisions\/97156"}],"wp:attachment":[{"href":"https:\/\/www.r2cpress.com.br\/v1\/wp-json\/wp\/v2\/media?parent=97153"}],"wp:term":[{"taxonomy":"category","embeddable":true,"href":"https:\/\/www.r2cpress.com.br\/v1\/wp-json\/wp\/v2\/categories?post=97153"},{"taxonomy":"post_tag","embeddable":true,"href":"https:\/\/www.r2cpress.com.br\/v1\/wp-json\/wp\/v2\/tags?post=97153"}],"curies":[{"name":"wp","href":"https:\/\/api.w.org\/{rel}","templated":true}]}}