{"id":97171,"date":"2015-11-18T15:46:15","date_gmt":"2015-11-18T18:46:15","guid":{"rendered":"http:\/\/www.r2cpress.com.br\/v1\/?p=97171"},"modified":"2015-11-18T15:46:15","modified_gmt":"2015-11-18T18:46:15","slug":"show-de-compositores-grapiunas-celebra-dia-da-consciencia-negra-em-ilheus-dia-20","status":"publish","type":"post","link":"https:\/\/www.r2cpress.com.br\/v1\/2015\/11\/18\/show-de-compositores-grapiunas-celebra-dia-da-consciencia-negra-em-ilheus-dia-20\/","title":{"rendered":"SHOW DE COMPOSITORES GRAPI\u00daNAS CELEBRA DIA DA CONSCI\u00caNCIA NEGRA EM ILH\u00c9US, DIA 20"},"content":{"rendered":"<p>Na pr\u00f3xima sexta-feira, 20, em Ilh\u00e9us, o projeto Encontro Grapi\u00fana de Compositores e Compositoras chega \u00e0 sua 7\u00aa edi\u00e7\u00e3o.\u00a0 M\u00e3e Ilza Mukal\u00ea, m\u00e3e de santo e refer\u00eancia cultural no Estado da Bahia, \u00e9 uma das atra\u00e7\u00f5es de novembro e, juntamente com Nado Costa, Glendha e V\u00edtor Patr\u00edcio, far\u00e1 parte de um grande show de composi\u00e7\u00f5es in\u00e9ditas, celebrando o Dia Nacional da Consci\u00eancia Negra. O evento come\u00e7a \u00e0s 20h, na Tenda Teatro Popular de Ilh\u00e9us (Av. Soares Lopes) os ingressos custam R$12 e R$6 reais e podem ser adquiridos na Livraria Papirus ou no local do show.<\/p>\n<p>Neste m\u00eas, al\u00e9m dos compositores e compositoras, teremos a participa\u00e7\u00e3o de m\u00fasicos das bandas da Organiza\u00e7\u00e3o Gongombira de Cultura e Cidadania e do Grupo Cultural Dilazenze, e Rog\u00e9rio Alves (Banda Quizila) como baterista do m\u00eas. Tamb\u00e9m participam acompanhando os compositores Herval Lemos e Eddy Oliveira.<\/p>\n<p><strong>Encontro\u00a0Grapi\u00fana de\u00a0Compositores\u00a0Compositoras<\/strong><\/p>\n<p>Iniciado em julho deste ano, o projeto segue com shows mensais &#8211; sempre \u00e0s sextas-feiras, \u00e0s 20h, na Tenda TPI &#8211; colocando Ilh\u00e9us na rota dos encontros desse modelo, que s\u00e3o sucesso nas capitais do pa\u00eds. O objetivo \u00e9 dar visibilidade \u00e0s obras autorais dos artistas da, fomentando a cria\u00e7\u00e3o musical e divulgando a produ\u00e7\u00e3o autoral do\/no Sul da Bahia. Esta edi\u00e7\u00e3o continua com\u00a0o mesmo formato das anteriores: um palco, quatro artistas grapi\u00fanas, um percussionista, al\u00e9m m\u00fasicos convidados que contribuem com o brilho das apresenta\u00e7\u00f5es, tocando ou cantando. J\u00e1 participaram do\u00a0Encontro\u00a0nomes como\u00a0<strong>Jef Rodrigues,\u00a0Edu Neto, Jaque Barreto, Cabe\u00e7a Isidoro, La\u00eds Marques, Marcus Marinho, Brena Gon\u00e7alves, Ismera Rock, Eloah Monteiro, Eddy Oliveira, Djalma Assis, Cl\u00e1udio Vieira, Ize Duque, Shailla, Dona Val, Aline Marianne, Fabiano Carillo, Herval Lemos, S\u00e9rgio Di Ramos, Danilo Nascimento<\/strong><strong>, Cris Passos, S\u00e9rgio Nogueira, Cris e Marcelo e Chico Dias.<\/strong>\u00a0Para o\u00a0compositor e idealizador do projeto,\u00a0Cabe\u00e7a Isidoro,\u00a0\u201ca nossa regi\u00e3o \u00e9 muito rica cultural e artisticamente, n\u00e3o \u00e9 s\u00f3 Jorge Amado que cria por aqui. Temos que abrir os olhos para outros Jorges, t\u00e3o brilhantes e t\u00e3o filhos daqui quanto o Amado\u201d.<\/p>\n<p>O evento tem o apoio do Teatro Popular de Ilh\u00e9us; da Tenda Teatro Popular de Ilh\u00e9us; d\u2019O Criadouro &#8211; Comunica\u00e7\u00e3o Visual; da Livraria Papirus; da JackArts; de Gil Lucas Sonoriza\u00e7\u00e3o; e do Hospital de Olhos Elclin.<\/p>\n<p>Para mais informa\u00e7\u00f5es, acesse a fanpage do projeto:\u00a0<a href=\"http:\/\/facebook.com\/EncontroGrapiunadeCompositoresECompositoras\"><strong>facebook.com\/EncontroGrapiunadeCompositoresECompositoras<\/strong><\/a><\/p>\n<p>&nbsp;<\/p>\n<p><strong>Servi\u00e7o<\/strong>: <strong>7\u00aa edi\u00e7\u00e3o do\u00a0Encontro\u00a0Grapi\u00fana de\u00a0Compositores\u00a0e Compositoras<\/strong><\/p>\n<p><strong>Onde<\/strong>: Tenda Teatro Popular de Ilh\u00e9us (Tenda TPI), Av. Soares Lopes, Centro, Ilh\u00e9us &#8211; BA.<\/p>\n<p><strong>Quando<\/strong>:\u00a016 de outubro, \u00e0s 20h.<\/p>\n<p><strong>Ingressos<\/strong>: \u00a0R$ 12 (inteira) e R$ 6 (meia ou antecipado &#8211; j\u00e1 \u00e0 venda) podem ser adquiridos\u00a0Livraria Papirus, na Tenda TPI e com os compositores convidados.<\/p>\n<p><strong>Apoio<\/strong>: Teatro Popular de Ilh\u00e9us; Tenda Teatro Popular de Ilh\u00e9us; O Criadouro Comunica\u00e7\u00e3o Visual; Gil Lucas Sonoriza\u00e7\u00e3o; Hospital de Olhos Elclin, Jackarts Comunica\u00e7\u00e3o Visual e Casa do som.<\/p>\n","protected":false},"excerpt":{"rendered":"<p>Na pr\u00f3xima sexta-feira, 20, em Ilh\u00e9us, o projeto Encontro Grapi\u00fana de Compositores e Compositoras chega \u00e0 sua 7\u00aa edi\u00e7\u00e3o.\u00a0 M\u00e3e Ilza Mukal\u00ea, m\u00e3e de santo e refer\u00eancia cultural no Estado da Bahia, \u00e9 uma das atra\u00e7\u00f5es de novembro e, juntamente com Nado Costa, Glendha e V\u00edtor Patr\u00edcio, far\u00e1 parte de um grande show de composi\u00e7\u00f5es [&hellip;]<\/p>\n","protected":false},"author":2,"featured_media":0,"comment_status":"open","ping_status":"open","sticky":false,"template":"","format":"standard","meta":{"_links_to":"","_links_to_target":""},"categories":[5],"tags":[],"_links":{"self":[{"href":"https:\/\/www.r2cpress.com.br\/v1\/wp-json\/wp\/v2\/posts\/97171"}],"collection":[{"href":"https:\/\/www.r2cpress.com.br\/v1\/wp-json\/wp\/v2\/posts"}],"about":[{"href":"https:\/\/www.r2cpress.com.br\/v1\/wp-json\/wp\/v2\/types\/post"}],"author":[{"embeddable":true,"href":"https:\/\/www.r2cpress.com.br\/v1\/wp-json\/wp\/v2\/users\/2"}],"replies":[{"embeddable":true,"href":"https:\/\/www.r2cpress.com.br\/v1\/wp-json\/wp\/v2\/comments?post=97171"}],"version-history":[{"count":1,"href":"https:\/\/www.r2cpress.com.br\/v1\/wp-json\/wp\/v2\/posts\/97171\/revisions"}],"predecessor-version":[{"id":97172,"href":"https:\/\/www.r2cpress.com.br\/v1\/wp-json\/wp\/v2\/posts\/97171\/revisions\/97172"}],"wp:attachment":[{"href":"https:\/\/www.r2cpress.com.br\/v1\/wp-json\/wp\/v2\/media?parent=97171"}],"wp:term":[{"taxonomy":"category","embeddable":true,"href":"https:\/\/www.r2cpress.com.br\/v1\/wp-json\/wp\/v2\/categories?post=97171"},{"taxonomy":"post_tag","embeddable":true,"href":"https:\/\/www.r2cpress.com.br\/v1\/wp-json\/wp\/v2\/tags?post=97171"}],"curies":[{"name":"wp","href":"https:\/\/api.w.org\/{rel}","templated":true}]}}