{"id":97202,"date":"2015-11-19T20:34:46","date_gmt":"2015-11-19T23:34:46","guid":{"rendered":"http:\/\/www.r2cpress.com.br\/v1\/?p=97202"},"modified":"2015-11-19T20:34:46","modified_gmt":"2015-11-19T23:34:46","slug":"68a-cipm-promove-mutirao-da-campanha-novembro-azul","status":"publish","type":"post","link":"https:\/\/www.r2cpress.com.br\/v1\/2015\/11\/19\/68a-cipm-promove-mutirao-da-campanha-novembro-azul\/","title":{"rendered":"68\u00aa CIPM PROMOVE MUTIR\u00c3O DA CAMPANHA NOVEMBRO AZUL"},"content":{"rendered":"<p>Na manh\u00e3 desta quinta-feira (19), foi realizada uma Parada Geral com o efetivo da 68\u00aa CIPM. Durante a solenidade, foram homenageados os policiais que se destacaram pelo bom desempenho de suas atividades e tratou-se de temas relevantes para a pr\u00e1tica policial.<\/p>\n<div id=\"attachment_97203\" style=\"width: 610px\" class=\"wp-caption aligncenter\"><a href=\"http:\/\/www.r2cpress.com.br\/v1\/wp-content\/uploads\/2015\/11\/DSC08048-1.jpg\"><img aria-describedby=\"caption-attachment-97203\" loading=\"lazy\" class=\"size-full wp-image-97203\" src=\"http:\/\/www.r2cpress.com.br\/v1\/wp-content\/uploads\/2015\/11\/DSC08048-1.jpg\" alt=\"68\u00aa CIPM _ DIABETES\" width=\"600\" height=\"333\" srcset=\"https:\/\/www.r2cpress.com.br\/v1\/wp-content\/uploads\/2015\/11\/DSC08048-1.jpg 600w, https:\/\/www.r2cpress.com.br\/v1\/wp-content\/uploads\/2015\/11\/DSC08048-1-300x166.jpg 300w\" sizes=\"(max-width: 600px) 100vw, 600px\" \/><\/a><p id=\"caption-attachment-97203\" class=\"wp-caption-text\"><strong>68\u00aa CIPM\u00a0<\/strong><\/p><\/div>\n<p>A Unidade, que aderiu \u00e0 Campanha Novembro Azul, convidou a Sra. C\u00e9lia Cardoso, presidente da Associa\u00e7\u00e3o de Diab\u00e9ticos de Ilh\u00e9us, e representantes da Secretaria de Sa\u00fade do Munic\u00edpio para esclarecerem sobre a import\u00e2ncia da conscientiza\u00e7\u00e3o e do diagn\u00f3stico precoce do diabetes e do c\u00e2ncer de pr\u00f3stata.<\/p>\n<div id=\"attachment_97206\" style=\"width: 610px\" class=\"wp-caption aligncenter\"><a href=\"http:\/\/www.r2cpress.com.br\/v1\/wp-content\/uploads\/2015\/11\/DSC08110.jpg\"><img aria-describedby=\"caption-attachment-97206\" loading=\"lazy\" class=\"size-full wp-image-97206\" src=\"http:\/\/www.r2cpress.com.br\/v1\/wp-content\/uploads\/2015\/11\/DSC08110.jpg\" alt=\"68\u00aa CIPM\" width=\"600\" height=\"388\" srcset=\"https:\/\/www.r2cpress.com.br\/v1\/wp-content\/uploads\/2015\/11\/DSC08110.jpg 600w, https:\/\/www.r2cpress.com.br\/v1\/wp-content\/uploads\/2015\/11\/DSC08110-300x194.jpg 300w\" sizes=\"(max-width: 600px) 100vw, 600px\" \/><\/a><p id=\"caption-attachment-97206\" class=\"wp-caption-text\"><strong>68\u00aa CIPM<\/strong><\/p><\/div>\n<p>Al\u00e9m disso, houve atendimento especial com distribui\u00e7\u00e3o de material informativo, vacina\u00e7\u00e3o, aferi\u00e7\u00e3o de press\u00e3o arterial e testes r\u00e1pidos de glicemia. Em media, 60 policiais foram atendidos e receberam cart\u00e3o de vacina\u00e7\u00e3o, al\u00e9m de panfletos sobre a preven\u00e7\u00e3o \u00e0s doen\u00e7as.<\/p>\n<div id=\"attachment_97205\" style=\"width: 510px\" class=\"wp-caption aligncenter\"><a href=\"http:\/\/www.r2cpress.com.br\/v1\/wp-content\/uploads\/2015\/11\/DSC081051.jpg\"><img aria-describedby=\"caption-attachment-97205\" loading=\"lazy\" class=\"size-full wp-image-97205\" src=\"http:\/\/www.r2cpress.com.br\/v1\/wp-content\/uploads\/2015\/11\/DSC081051.jpg\" alt=\"68\u00aa CIPM\" width=\"500\" height=\"500\" srcset=\"https:\/\/www.r2cpress.com.br\/v1\/wp-content\/uploads\/2015\/11\/DSC081051.jpg 500w, https:\/\/www.r2cpress.com.br\/v1\/wp-content\/uploads\/2015\/11\/DSC081051-150x150.jpg 150w, https:\/\/www.r2cpress.com.br\/v1\/wp-content\/uploads\/2015\/11\/DSC081051-300x300.jpg 300w\" sizes=\"(max-width: 500px) 100vw, 500px\" \/><\/a><p id=\"caption-attachment-97205\" class=\"wp-caption-text\"><strong>68\u00aa CIPM<\/strong><\/p><\/div>\n<p>Para o Major C\u00e2mara, comandante da Unidade, &#8220;o setor de seguran\u00e7a precisa dessas parcerias a fim de proporcionar uma importante contribui\u00e7\u00e3o para uma vida saud\u00e1vel do efetivo. Nosso objetivo \u00e9 disponibilizar mais a\u00e7\u00f5es que sejam voltadas para o bem-estar e sa\u00fade dos nossos servidores&#8221;.<\/p>\n","protected":false},"excerpt":{"rendered":"<p>Na manh\u00e3 desta quinta-feira (19), foi realizada uma Parada Geral com o efetivo da 68\u00aa CIPM. Durante a solenidade, foram homenageados os policiais que se destacaram pelo bom desempenho de suas atividades e tratou-se de temas relevantes para a pr\u00e1tica policial. A Unidade, que aderiu \u00e0 Campanha Novembro Azul, convidou a Sra. C\u00e9lia Cardoso, presidente [&hellip;]<\/p>\n","protected":false},"author":2,"featured_media":0,"comment_status":"open","ping_status":"open","sticky":false,"template":"","format":"standard","meta":{"_links_to":"","_links_to_target":""},"categories":[24,25],"tags":[],"_links":{"self":[{"href":"https:\/\/www.r2cpress.com.br\/v1\/wp-json\/wp\/v2\/posts\/97202"}],"collection":[{"href":"https:\/\/www.r2cpress.com.br\/v1\/wp-json\/wp\/v2\/posts"}],"about":[{"href":"https:\/\/www.r2cpress.com.br\/v1\/wp-json\/wp\/v2\/types\/post"}],"author":[{"embeddable":true,"href":"https:\/\/www.r2cpress.com.br\/v1\/wp-json\/wp\/v2\/users\/2"}],"replies":[{"embeddable":true,"href":"https:\/\/www.r2cpress.com.br\/v1\/wp-json\/wp\/v2\/comments?post=97202"}],"version-history":[{"count":2,"href":"https:\/\/www.r2cpress.com.br\/v1\/wp-json\/wp\/v2\/posts\/97202\/revisions"}],"predecessor-version":[{"id":97208,"href":"https:\/\/www.r2cpress.com.br\/v1\/wp-json\/wp\/v2\/posts\/97202\/revisions\/97208"}],"wp:attachment":[{"href":"https:\/\/www.r2cpress.com.br\/v1\/wp-json\/wp\/v2\/media?parent=97202"}],"wp:term":[{"taxonomy":"category","embeddable":true,"href":"https:\/\/www.r2cpress.com.br\/v1\/wp-json\/wp\/v2\/categories?post=97202"},{"taxonomy":"post_tag","embeddable":true,"href":"https:\/\/www.r2cpress.com.br\/v1\/wp-json\/wp\/v2\/tags?post=97202"}],"curies":[{"name":"wp","href":"https:\/\/api.w.org\/{rel}","templated":true}]}}