{"id":9721,"date":"2011-03-01T22:34:56","date_gmt":"2011-03-02T01:34:56","guid":{"rendered":"http:\/\/www.r2cpress.com.br\/v1\/?p=9721"},"modified":"2011-03-01T22:35:22","modified_gmt":"2011-03-02T01:35:22","slug":"9721","status":"publish","type":"post","link":"https:\/\/www.r2cpress.com.br\/v1\/2011\/03\/01\/9721\/","title":{"rendered":"Prefeitura Municipal de Ilh\u00e9us"},"content":{"rendered":"<p><div id=\"attachment_9722\" style=\"width: 310px\" class=\"wp-caption alignnone\"><a href=\"http:\/\/www.r2cpress.com.br\/v1\/wp-content\/uploads\/PMI-01-03-2011.jpg\"><img aria-describedby=\"caption-attachment-9722\" loading=\"lazy\" src=\"http:\/\/www.r2cpress.com.br\/v1\/wp-content\/uploads\/PMI-01-03-2011-300x185.jpg\" alt=\"\" title=\"PMI 01 03 2011\" width=\"300\" height=\"185\" class=\"size-medium wp-image-9722\" srcset=\"https:\/\/www.r2cpress.com.br\/v1\/wp-content\/uploads\/PMI-01-03-2011-300x185.jpg 300w, https:\/\/www.r2cpress.com.br\/v1\/wp-content\/uploads\/PMI-01-03-2011.jpg 750w\" sizes=\"(max-width: 300px) 100vw, 300px\" \/><\/a><p id=\"caption-attachment-9722\" class=\"wp-caption-text\">A\u00c7\u00d5ES DA PREFEITURA DE ILH\u00c9US<\/p><\/div><br \/>\nEm Ilh\u00e9us, comunidade do Teot\u00f4nio Vilela ganha importante obra de infraestrutura<br \/>\nParceria garante transporte escolar para  alunos do ensino m\u00e9dio da zona rural<br \/>\nQuebra-molas atendem reivindica\u00e7\u00f5es de moradores do Sav\u00f3ia e da Vila L\u00eddia<br \/>\nCurso capacitar\u00e1 novos agentes  de endemias do munic\u00edpio<\/p>\n<p><!--more--><\/p>\n<p>***<\/p>\n<p><strong>Em Ilh\u00e9us, comunidade do Teot\u00f4nio Vilela ganha importante obra de infraestrutura<\/strong><\/p>\n<p>Os moradores do Jardim Del Rey e do Loteamento Del Rey, ambos localizados no Teot\u00f4nio Vilela, bairro da Zona Oeste de Ilh\u00e9us, est\u00e3o sendo beneficiados por uma importante obra de infraestrutura. Ap\u00f3s sofrer muitos anos com esgotos que corriam a c\u00e9u aberto, realidade que suscitava o risco permanente de doen\u00e7as, a comunidade est\u00e1 sendo favorecida com a limpeza do canal da localidade, incluindo a coloca\u00e7\u00e3o de 150 metros de manilhas. <\/p>\n<p>O secret\u00e1rio municipal de Infraestrutura, Marconi Queiroz, lembra que o trabalho tamb\u00e9m abrange o alargamento do canal de drenagem central (\u00e1guas pluviais) com extens\u00e3o de mil metros. \u201cCom isso, a id\u00e9ia \u00e9 possibilitar uma maior vaz\u00e3o das \u00e1guas visando evitar os famosos alagamentos, muito comuns nas \u00e9pocas de chuva forte\u201d, diz.<\/p>\n<p>Financiadas com recursos da Prefeitura de Ilh\u00e9us e do Governo Federal, as obras foram solicitadas ao prefeito Newton Lima pelo vereador Gilberto Souza (Bel do Vilela). \u201cEsta \u00e9 uma interven\u00e7\u00e3o de enorme import\u00e2ncia porque vai melhorar a qualidade de vida desta comunidade, que chega a quase quatro mil pessoas\u201d, comenta o parlamentar. Segundo ele, al\u00e9m de diminuir consideravelmente o perigo de doen\u00e7as, as obras v\u00e3o melhorar o tr\u00e1fego de ve\u00edculos e o acesso em geral das pessoas. \u201cAqui, quando chove, os moradores t\u00eam dificuldade at\u00e9 de entrar em suas casas. Isso sem falar no transtorno de muitos estudantes para acessarem o Col\u00e9gio F\u00e1bio Araripe\u201d, reconhece Bel.<\/p>\n<p>Ao todo, segundo informa\u00e7\u00f5es do secret\u00e1rio Marconi Queiroz, cerca de 150 oper\u00e1rios trabalham nas obras, que devem ser conclu\u00eddas no prazo de 90 dias. \u201c\u00c9 importante destacar que, al\u00e9m desta obra, o Teot\u00f4nio Vilela, que tem hoje uma popula\u00e7\u00e3o estimada em mais de 30 mil moradores, tamb\u00e9m est\u00e1 sendo favorecido por outras duas interven\u00e7\u00f5es de grande relev\u00e2ncia.<\/p>\n<p>Com recursos do HBB (Habitar Brasil Bid), est\u00e3o sendo realizadas obras de infraestrutura no alto S\u00e3o Francisco, que incluem constru\u00e7\u00e3o de 126 casas, rampas, escadarias, pavimenta\u00e7\u00e3o de ruas, coloca\u00e7\u00e3o de meios-fios, conten\u00e7\u00e3o de encostas, rede de esgoto, creche e centro poliesportivo. J\u00e1 no Loteamento Bosque Verde, com recursos do PAC II, est\u00e3o sendo constru\u00eddas 272 unidades habitacionais, projeto que inclui pavimenta\u00e7\u00e3o de ruas, saneamento, rede de \u00e1guas, conten\u00e7\u00e3o de encostas e uma ciclovia. <\/p>\n<p><strong>Parceria garante transporte escolar para  alunos do ensino m\u00e9dio da zona rural <\/strong><\/p>\n<p>Desde esta ter\u00e7a-feira (1\u00ba), os alunos que residem na zona rural e que cursam o ensino m\u00e9dio nas escolas da rede estadual de ensino em Ilh\u00e9us tiveram seus cart\u00f5es de vale-transporte devidamente carregados. Proveniente do Programa Estadual de Transporte Escolar (Pete\/Bahia \u2013 ano 2011), o recurso \u00e9 investido na aquisi\u00e7\u00e3o do passe estudantil e resultado de uma parceria entre o Governo do Estado da Bahia e o Munic\u00edpio de Ilh\u00e9us, por meio da Secretaria Municipal da Educa\u00e7\u00e3o.<\/p>\n<p>Foi contemplado um total de 289 estudantes do ensino m\u00e9dio que residem nas seguintes localidades rurais e distritos: Maria Jape, Japu, Tibina, Aderno, Santo Ant\u00f4nio, Sambaituba, Carobeira, Ponta da Tulha, Areia Branca, Aritagu\u00e1 I (S\u00e3o Jos\u00e9 e adjac\u00eancias) e Aritagu\u00e1 II (Juerana, Mamoam, Retiro e adjac\u00eancias) e estudam na zona urbana. O valor total disponibilizado para a execu\u00e7\u00e3o do programa em Ilh\u00e9us \u00e9 de R$ 68.570,00.<\/p>\n<p>O Minist\u00e9rio da Educa\u00e7\u00e3o possui uma fundamenta\u00e7\u00e3o legal espec\u00edfica para esta finalidade, a Lei n.\u00ba 11.359 de 19\/01\/2009 \u2013 Portaria 5.826, cujo objeto \u00e9 oferecer o passe estudantil aos alunos do ensino m\u00e9dio da rede p\u00fablica estadual de ensino que residem no campo e estudam na zona urbana. A lista dos alunos que dever\u00e3o ser contemplados durante o per\u00edodo de 11 meses letivos \u00e9 encaminhada pela dire\u00e7\u00e3o da Diretoria Regional de Educa\u00e7\u00e3o (Direc), de acordo com a matr\u00edcula.    <\/p>\n<p>Segundo explicou a secretaria da Educa\u00e7\u00e3o, Lidiney Campos, os ve\u00edculos que atendem ao Programa Nacional de Transporte Escolar (Pnate) v\u00e3o conduzir exclusivamente os alunos do ensino fundamental e da educa\u00e7\u00e3o infantil da rede municipal de educa\u00e7\u00e3o, j\u00e1 que os do Ensino M\u00e9dio ter\u00e3o acesso ao passe estudantil concedido pelo Pete\/Bahia. \u201cCom exce\u00e7\u00e3o dos distritos de Inema e Pimenteira, que continuar\u00e3o contando com o suporte dos \u00f4nibus de transporte escolar, pois s\u00e3o duas comunidades que n\u00e3o possuem linha regular de transporte coletivo atrav\u00e9s de \u00f4nibus\u201d. Ainda segundo a secretaria Lidiney Campos, a partir do dia 3 de mar\u00e7o de 2011, esses ve\u00edculos ter\u00e3o o seu roteiro modificado, j\u00e1 que o servi\u00e7o foi ampliado visando atender as localidades rurais do munic\u00edpio que ainda n\u00e3o tinham sido contemplados. <\/p>\n<p>Este ano, o munic\u00edpio de Ilh\u00e9us est\u00e1 em processo de aquisi\u00e7\u00e3o de cinco ve\u00edculos novos, em parceria com o Fundo Nacional de Desenvolvimento da Educa\u00e7\u00e3o (FNDE), sendo dois deles da categoria refor\u00e7ada; dois da categoria urbana e um micro\u00f4nibus. \u201cCom esta a\u00e7\u00e3o buscamos atender os discentes que residem no campo. Ressaltamos que o programa \u00e9 direcionado para os alunos que residem na zona rural, cujas localidades n\u00e3o possuem unidades escolares nas proximidades\u201d.<\/p>\n<p>Sobre o Pete\/Bahia &#8211; O Programa Estadual do Transporte Escolar no Estado da Bahia (Pete\/BA) institu\u00eddo pela Lei n\u00ba 11.359, de 19 de janeiro de 2009, \u00e9 regulamentado por meio da Portaria n\u00ba 5.826, de 4 de mar\u00e7o de 2009, da Secretaria Estadual da Educa\u00e7\u00e3o, alterada pela Portaria n\u00ba 17029\/2009, que tra\u00e7a os procedimentos e crit\u00e9rios condutores do Programa, tem por objetivo o oferecimento do passe estudantil aos alunos do ensino m\u00e9dio da rede p\u00fablica estadual de ensino, residentes na zona rural, atrav\u00e9s de repasse, em car\u00e1ter suplementar de recursos financeiros aos munic\u00edpios.<\/p>\n<p><strong>Quebra-molas atendem reivindica\u00e7\u00f5es de moradores do Sav\u00f3ia e da Vila L\u00eddia<\/strong><\/p>\n<p>A Prefeitura de Ilh\u00e9us, atrav\u00e9s das secretarias de Seguran\u00e7a, Transporte e Tr\u00e2nsito, e de Infraestrutura, acabam de concluir a constru\u00e7\u00e3o de tr\u00eas quebra-molas na avenida Central do bairro Jardim Sav\u00f3ia, atendendo justas reivindica\u00e7\u00f5es daquela comunidade, assim como da Vila L\u00eddia, ambos situados na zona Norte da cidade. Os quebra-molas foram necess\u00e1rios para impedir o tr\u00e2nsito de ve\u00edculos em alta velocidade, pois, com a implanta\u00e7\u00e3o da fiscaliza\u00e7\u00e3o eletr\u00f4nica na avenida Proclama\u00e7\u00e3o, in\u00fameros motoristas, para continuar dirigindo acima dos limites estabelecidos, adentravam na avenida Central para escapar de poss\u00edveis multas.<\/p>\n<p>Por cortar um bairro essencialmente de casas residenciais, e com pouco ou raro com\u00e9rcio, a avenida Central terminou se transformando em pouco tempo em palco de graves acidentes, envolvendo ca\u00e7ambas, motocicletas e bugres, al\u00e9m dos v\u00e1rios casos registrados de atropelamentos. Para evitar que essa situa\u00e7\u00e3o perdurasse, com o ac\u00famulo de registros fat\u00eddicos, as comunidades do Sav\u00f3ia e da Vila L\u00eddia se unificaram para solicitar da Prefeitura a constru\u00e7\u00e3o dos quebra-molas.<\/p>\n<p>Morador h\u00e1 v\u00e1rios anos da Vila L\u00eddia, o pedreiro Jorge dos Santos diz que j\u00e1 assistiu a v\u00e1rios acidentes tr\u00e1gicos desde a implanta\u00e7\u00e3o da fiscaliza\u00e7\u00e3o eletr\u00f4nica, \u201cpois carros e motos passavam pela avenida Central a uma velocidade incr\u00edvel\u201d, afirmou, salientando que, desde que a Prefeitura construiu os quebra-molas, \u201cj\u00e1 diminuiu sensivelmente o tr\u00e1fego de ve\u00edculos, e assim mesmo a velocidade hoje utilizada n\u00e3o \u00e9 a mesma, uma vez que os quebra-molas n\u00e3o permitem\u201d.<\/p>\n<p><strong>Curso capacitar\u00e1 novos agentes  de endemias do munic\u00edpio.<\/strong><\/p>\n<p>Os participantes do processo de sele\u00e7\u00e3o p\u00fablica para provimento de agentes combate a endemias realizado pela Secretaria da Sa\u00fade do Estado da Bahia atrav\u00e9s da Funda\u00e7\u00e3o Cefet-Bahia (Funda\u00e7\u00e3o de Apoio \u00e0 Educa\u00e7\u00e3o e Desenvolvimento Tecnol\u00f3gico) participar\u00e3o, ainda neste m\u00eas de mar\u00e7o, do curso de Forma\u00e7\u00e3o Inicial e Continuada dos Agentes de Combate a Endemias.<\/p>\n<p>A diretora do departamento de Vigil\u00e2ncia \u00e0 Sa\u00fade da secretaria da sa\u00fade de Ilh\u00e9us, C\u00e1ssia Virg\u00ednia, informou que o curso no munic\u00edpio ser\u00e1 de responsabilidade da Cefet-Bahia em parceria com a 6\u00aa Dires (Diretoria Regional de Sa\u00fade), e que este curso introdut\u00f3rio \u00e9 uma das etapas do processo de sele\u00e7\u00e3o. A capacita\u00e7\u00e3o ser\u00e1 realizada em tr\u00eas turmas, no Audit\u00f3rio da Secret\u00e1ria da Sa\u00fade, no bairro Cidade Nova em Ilh\u00e9us.<\/p>\n<p>A primeiro grupo participar\u00e1 do curso nos dias 14 a 18 de mar\u00e7o. O segundo grupo ser\u00e1 de 21 a 25 de mar\u00e7o e o terceiro ser\u00e1 de 28 de mar\u00e7o a 1\u00ba de abril. Com a sele\u00e7\u00e3o de novos agentes do Estado da Bahia, Ilh\u00e9us ser\u00e1 beneficiada com 50 novos profissionais. Os selecionados dever\u00e3o acessar o site da funda\u00e7\u00e3o Cefet-Bahia para verificar em qual data ser\u00e1 realizada sua capacita\u00e7\u00e3o e tamb\u00e9m para obter maiores informa\u00e7\u00f5es: <www .fundacaocefetbahia.org.br>.<br \/>\n<\/www><\/p>\n","protected":false},"excerpt":{"rendered":"<p>Em Ilh\u00e9us, comunidade do Teot\u00f4nio Vilela ganha importante obra de infraestrutura Parceria garante transporte escolar para alunos do ensino m\u00e9dio da zona rural Quebra-molas atendem reivindica\u00e7\u00f5es de moradores do Sav\u00f3ia e da Vila L\u00eddia Curso capacitar\u00e1 novos agentes de endemias do munic\u00edpio<\/p>\n","protected":false},"author":2,"featured_media":0,"comment_status":"open","ping_status":"open","sticky":false,"template":"","format":"standard","meta":{"_links_to":"","_links_to_target":""},"categories":[23],"tags":[],"_links":{"self":[{"href":"https:\/\/www.r2cpress.com.br\/v1\/wp-json\/wp\/v2\/posts\/9721"}],"collection":[{"href":"https:\/\/www.r2cpress.com.br\/v1\/wp-json\/wp\/v2\/posts"}],"about":[{"href":"https:\/\/www.r2cpress.com.br\/v1\/wp-json\/wp\/v2\/types\/post"}],"author":[{"embeddable":true,"href":"https:\/\/www.r2cpress.com.br\/v1\/wp-json\/wp\/v2\/users\/2"}],"replies":[{"embeddable":true,"href":"https:\/\/www.r2cpress.com.br\/v1\/wp-json\/wp\/v2\/comments?post=9721"}],"version-history":[{"count":4,"href":"https:\/\/www.r2cpress.com.br\/v1\/wp-json\/wp\/v2\/posts\/9721\/revisions"}],"predecessor-version":[{"id":9726,"href":"https:\/\/www.r2cpress.com.br\/v1\/wp-json\/wp\/v2\/posts\/9721\/revisions\/9726"}],"wp:attachment":[{"href":"https:\/\/www.r2cpress.com.br\/v1\/wp-json\/wp\/v2\/media?parent=9721"}],"wp:term":[{"taxonomy":"category","embeddable":true,"href":"https:\/\/www.r2cpress.com.br\/v1\/wp-json\/wp\/v2\/categories?post=9721"},{"taxonomy":"post_tag","embeddable":true,"href":"https:\/\/www.r2cpress.com.br\/v1\/wp-json\/wp\/v2\/tags?post=9721"}],"curies":[{"name":"wp","href":"https:\/\/api.w.org\/{rel}","templated":true}]}}