{"id":97424,"date":"2015-11-28T19:23:36","date_gmt":"2015-11-28T22:23:36","guid":{"rendered":"http:\/\/www.r2cpress.com.br\/v1\/?p=97424"},"modified":"2015-11-28T19:23:36","modified_gmt":"2015-11-28T22:23:36","slug":"projeto-na-base-do-esporte-teve-inicio-neste-sabado","status":"publish","type":"post","link":"https:\/\/www.r2cpress.com.br\/v1\/2015\/11\/28\/projeto-na-base-do-esporte-teve-inicio-neste-sabado\/","title":{"rendered":"Projeto na Base do Esporte teve in\u00edcio neste s\u00e1bado"},"content":{"rendered":"<p>Foi dada a largada para o maior evento esportivo entre equipes de Bases Comunit\u00e1rias e de Seguran\u00e7a (BCS) da Bahia. A primeira edi\u00e7\u00e3o do projeto \u201cNa Base do Esporte\u201d teve inicio neste s\u00e1bado, dia 28, no gin\u00e1sio de esporte do Sesi de Sim\u00f5es Filho, Regi\u00e3o Metropolitana de Salvador, com partidas de futsal feminino. A equipe do bairro de Fazenda Coutos, de Salvador, conquistou o t\u00edtulo do torneio ap\u00f3s vencer por 1 a 0, o time do bairro do Nordeste de Amaralina.<\/p>\n<div id=\"attachment_97425\" style=\"width: 560px\" class=\"wp-caption aligncenter\"><a href=\"http:\/\/www.r2cpress.com.br\/v1\/wp-content\/uploads\/2015\/11\/Ascom_Sudesb.jpg\"><img aria-describedby=\"caption-attachment-97425\" loading=\"lazy\" class=\"size-full wp-image-97425\" src=\"http:\/\/www.r2cpress.com.br\/v1\/wp-content\/uploads\/2015\/11\/Ascom_Sudesb.jpg\" alt=\"Ascom_Sudesb\" width=\"550\" height=\"367\" srcset=\"https:\/\/www.r2cpress.com.br\/v1\/wp-content\/uploads\/2015\/11\/Ascom_Sudesb.jpg 550w, https:\/\/www.r2cpress.com.br\/v1\/wp-content\/uploads\/2015\/11\/Ascom_Sudesb-300x200.jpg 300w\" sizes=\"(max-width: 550px) 100vw, 550px\" \/><\/a><p id=\"caption-attachment-97425\" class=\"wp-caption-text\">Ascom_Sudesb<\/p><\/div>\n<p>A iniciativa faz parte das a\u00e7\u00f5es do Programa Pacto Pela Vida, do Governo do Estado, e visa refor\u00e7ar todo o trabalho social que j\u00e1 vem sendo feito nas Bases Comunit\u00e1rias de Seguran\u00e7a, promovendo a integra\u00e7\u00e3o entre as comunidades.\u00a0Participaram do torneio mais de 130 atletas de dez bairros de Salvador e Regi\u00e3o Metropolitana, onde est\u00e3o inseridas a BCS.<\/p>\n<p>O projeto \u2013 Na Base do Esporte \u2013, \u00e9 organizado pelas secretarias estaduais de Justi\u00e7a, Direitos Humanos e Desenvolvimento Social (SJDHDS), Seguran\u00e7a P\u00fablica (SSP), e do Trabalho, Emprego, Renda e Esporte (Setre), por meio da Superintend\u00eancia dos Desportos do Estado da Bahia (Sudesb).<\/p>\n<p><!--more--><\/p>\n<p>Autora do gol que deu o t\u00edtulo para equipe de Fazenda Coutos, Jaqueline Thales de Jesus, de 18 anos, comemorou o resultado e ressaltou a import\u00e2ncia de atividades esportivas como inclus\u00e3o social. \u201cFoi bom ajudar minha equipe e conquistar o t\u00edtulo. Acho que a competi\u00e7\u00e3o serviu para a gente fazer novas amizades, sem rivalidade e na paz\u201d, disse.<\/p>\n<p>Segundo a tenente da PMBA Carla Souza, comandante da Base Comunit\u00e1ria de Fazenda Coutos, eventos como este evidencia o trabalho da Policia Militar da Bahia nas Bases Comunit\u00e1rias. \u201cHoje foi um dia de festa dentro da comunidade. Essas meninas se prepararam, ficaram ansiosas e se motivaram. Sentimentos como esse \u00e9 o que nos uni com\u00a0o esp\u00edrito de uma institui\u00e7\u00e3o que ta tentando trazer algo diferenciado, que \u00e9 justamente impactar na melhoria da qualidade de vida das pessoas desses locais. Estou muito feliz com o resultado\u201d.<\/p>\n<p>Mesmo sem chegar \u00e0 final, Emiziane Suzart, de 21 anos, da equipe do Bairro da\u00a0Paz, ficou satisfeita com o torneio.\u00a0\u201cEssa competi\u00e7\u00e3o promoveu a uni\u00e3o entre os times e isso ajudou a quebrar o clima de rivalidade entre os bairros. N\u00e3o conseguimos chegar \u00e0 final, mesmo assim ficamos aqui,\u00a0torcendo por outras equipes e isso foi muito bom\u201d, disse.<\/p>\n<p><strong>Futebol masculino<\/strong><\/p>\n<p>Neste domingo (29), no est\u00e1dio de Pitua\u00e7u, equipes de 13 bairros disputar\u00e3o o t\u00edtulo do futebol masculino. Os primeiros confrontos ser\u00e3o entre as comunidades das bases comunit\u00e1rias de Cama\u00e7ari x S\u00e3o Caetano; Santa Cruz x \u00c1guas Claras; Vit\u00f3ria da Conquista x Bairro da Paz; Uruguai x Nordeste de Amaralina; Itinga x Rio Sena e Fazenda Coutos x Calabar.<\/p>\n<p>Os jogos ter\u00e3o inicio as 9h, com sistema de eliminat\u00f3ria simples (mata, mata) com dura\u00e7\u00e3o de 30 minutos, e, em caso de empate, ser\u00e3o decididos nos p\u00eanaltis. A entrada \u00e9 gratuita e ser\u00e1 realizada pelo port\u00e3o Oeste.<\/p>\n<p>Ao final da competi\u00e7\u00e3o, as equipes campe\u00e3, vice-campe\u00e3 e terceira colocada ser\u00e3o premiadas com trof\u00e9us e medalhas.<\/p>\n<p>&nbsp;<\/p>\n<p>&nbsp;<\/p>\n<p><strong>Ascom\/Sudesb<\/strong><\/p>\n","protected":false},"excerpt":{"rendered":"<p>Foi dada a largada para o maior evento esportivo entre equipes de Bases Comunit\u00e1rias e de Seguran\u00e7a (BCS) da Bahia. A primeira edi\u00e7\u00e3o do projeto \u201cNa Base do Esporte\u201d teve inicio neste s\u00e1bado, dia 28, no gin\u00e1sio de esporte do Sesi de Sim\u00f5es Filho, Regi\u00e3o Metropolitana de Salvador, com partidas de futsal feminino. A equipe [&hellip;]<\/p>\n","protected":false},"author":2,"featured_media":0,"comment_status":"open","ping_status":"open","sticky":false,"template":"","format":"standard","meta":{"_links_to":"","_links_to_target":""},"categories":[11,29,25],"tags":[],"_links":{"self":[{"href":"https:\/\/www.r2cpress.com.br\/v1\/wp-json\/wp\/v2\/posts\/97424"}],"collection":[{"href":"https:\/\/www.r2cpress.com.br\/v1\/wp-json\/wp\/v2\/posts"}],"about":[{"href":"https:\/\/www.r2cpress.com.br\/v1\/wp-json\/wp\/v2\/types\/post"}],"author":[{"embeddable":true,"href":"https:\/\/www.r2cpress.com.br\/v1\/wp-json\/wp\/v2\/users\/2"}],"replies":[{"embeddable":true,"href":"https:\/\/www.r2cpress.com.br\/v1\/wp-json\/wp\/v2\/comments?post=97424"}],"version-history":[{"count":2,"href":"https:\/\/www.r2cpress.com.br\/v1\/wp-json\/wp\/v2\/posts\/97424\/revisions"}],"predecessor-version":[{"id":97427,"href":"https:\/\/www.r2cpress.com.br\/v1\/wp-json\/wp\/v2\/posts\/97424\/revisions\/97427"}],"wp:attachment":[{"href":"https:\/\/www.r2cpress.com.br\/v1\/wp-json\/wp\/v2\/media?parent=97424"}],"wp:term":[{"taxonomy":"category","embeddable":true,"href":"https:\/\/www.r2cpress.com.br\/v1\/wp-json\/wp\/v2\/categories?post=97424"},{"taxonomy":"post_tag","embeddable":true,"href":"https:\/\/www.r2cpress.com.br\/v1\/wp-json\/wp\/v2\/tags?post=97424"}],"curies":[{"name":"wp","href":"https:\/\/api.w.org\/{rel}","templated":true}]}}