{"id":97744,"date":"2015-12-09T11:20:29","date_gmt":"2015-12-09T14:20:29","guid":{"rendered":"http:\/\/www.r2cpress.com.br\/v1\/?p=97744"},"modified":"2015-12-09T11:20:29","modified_gmt":"2015-12-09T14:20:29","slug":"conselho-de-meio-ambiente-de-ilheus-cria-comissao-para-acompanhar-casos-de-incendio-na-mata-atlantica","status":"publish","type":"post","link":"https:\/\/www.r2cpress.com.br\/v1\/2015\/12\/09\/conselho-de-meio-ambiente-de-ilheus-cria-comissao-para-acompanhar-casos-de-incendio-na-mata-atlantica\/","title":{"rendered":"Conselho de Meio Ambiente de Ilh\u00e9us cria comiss\u00e3o para acompanhar casos de inc\u00eandio na Mata Atl\u00e2ntica"},"content":{"rendered":"<p style=\"text-align: center;\"><em>A comiss\u00e3o ser\u00e1 composta por tr\u00eas membros, que representam a OAB, o Crea e a <\/em><\/p>\n<p style=\"text-align: center;\"><em>Associa\u00e7\u00e3o de Produtores de Cacau<\/em><\/p>\n<div id=\"attachment_97745\" style=\"width: 610px\" class=\"wp-caption aligncenter\"><a href=\"http:\/\/www.r2cpress.com.br\/v1\/wp-content\/uploads\/2015\/12\/Policiais-bombeiros-e-volunt\u00e1rios-participam-da-brigada-contra-o-incendio-em-Ilh\u00e9us.jpg\"><img aria-describedby=\"caption-attachment-97745\" loading=\"lazy\" class=\"size-full wp-image-97745\" src=\"http:\/\/www.r2cpress.com.br\/v1\/wp-content\/uploads\/2015\/12\/Policiais-bombeiros-e-volunt\u00e1rios-participam-da-brigada-contra-o-incendio-em-Ilh\u00e9us.jpg\" alt=\"Policiais, bombeiros e volunt\u00e1rios participam da brigada contra o incendio em Ilh\u00e9us\" width=\"600\" height=\"450\" srcset=\"https:\/\/www.r2cpress.com.br\/v1\/wp-content\/uploads\/2015\/12\/Policiais-bombeiros-e-volunt\u00e1rios-participam-da-brigada-contra-o-incendio-em-Ilh\u00e9us.jpg 600w, https:\/\/www.r2cpress.com.br\/v1\/wp-content\/uploads\/2015\/12\/Policiais-bombeiros-e-volunt\u00e1rios-participam-da-brigada-contra-o-incendio-em-Ilh\u00e9us-300x225.jpg 300w\" sizes=\"(max-width: 600px) 100vw, 600px\" \/><\/a><p id=\"caption-attachment-97745\" class=\"wp-caption-text\">Policiais, bombeiros e volunt\u00e1rios participam da brigada contra o incendio em Ilh\u00e9us<\/p><\/div>\n<p>O Conselho do Meio Ambiente de Ilh\u00e9us (Condema) deliberou, em reuni\u00e3o ordin\u00e1ria nesta ter\u00e7a-feira, 08, sob a presid\u00eancia de Edvaldo Soares, pela cria\u00e7\u00e3o de uma comiss\u00e3o especial que acompanhar\u00e1 os desdobramentos dos inc\u00eandios que atingem a regi\u00e3o de Mata Atl\u00e2ntica nas proximidades da Ponta da Tulha, litoral norte de Ilh\u00e9us.<\/p>\n<p>O grupo de trabalho vai acompanhar as a\u00e7\u00f5es de monitoramento dos focos de inc\u00eandio e trabalhar junto aos \u00f3rg\u00e3os respons\u00e1veis, a exemplo do Corpo de Bombeiros e Secretarias Estadual e Municipal de Meio Ambiente, na tentativa de controlar as chamas e evitar maiores preju\u00edzos ao meio ambiente, assim como colaborar com as investiga\u00e7\u00f5es que apontam para a poss\u00edvel exist\u00eancia de queimadas criminosas naquela regi\u00e3o de Ilh\u00e9us. Como os focos de inc\u00eandio est\u00e3o inseridos em uma \u00c1rea de Prote\u00e7\u00e3o Ambiental (APA), a comiss\u00e3o dever\u00e1 manter permanente contato com a coordena\u00e7\u00e3o da APA da Lagoa Encantada e Rio Almada bem como o Minist\u00e9rio P\u00fablico Estadual.<\/p>\n<p>A comiss\u00e3o ser\u00e1 composta por tr\u00eas membros: Diran Filho, representando a Ordem dos Advogados do Brasil (OAB), Tayn\u00e1 Cardoso, que representa o Conselho Regional de Engenharia e Agronomia (Crea), e Jos\u00e9 Malthez, representante da Associa\u00e7\u00e3o dos Produtores de Cacau (APC).\u00a0 De acordo com o presidente do Condema, Edvaldo Soares, ao fim dos trabalhos, ser\u00e1 feito um relat\u00f3rio para expor os resultados dessas a\u00e7\u00f5es.<\/p>\n","protected":false},"excerpt":{"rendered":"<p>A comiss\u00e3o ser\u00e1 composta por tr\u00eas membros, que representam a OAB, o Crea e a Associa\u00e7\u00e3o de Produtores de Cacau O Conselho do Meio Ambiente de Ilh\u00e9us (Condema) deliberou, em reuni\u00e3o ordin\u00e1ria nesta ter\u00e7a-feira, 08, sob a presid\u00eancia de Edvaldo Soares, pela cria\u00e7\u00e3o de uma comiss\u00e3o especial que acompanhar\u00e1 os desdobramentos dos inc\u00eandios que atingem [&hellip;]<\/p>\n","protected":false},"author":2,"featured_media":0,"comment_status":"open","ping_status":"open","sticky":false,"template":"","format":"standard","meta":{"_links_to":"","_links_to_target":""},"categories":[23,25],"tags":[],"_links":{"self":[{"href":"https:\/\/www.r2cpress.com.br\/v1\/wp-json\/wp\/v2\/posts\/97744"}],"collection":[{"href":"https:\/\/www.r2cpress.com.br\/v1\/wp-json\/wp\/v2\/posts"}],"about":[{"href":"https:\/\/www.r2cpress.com.br\/v1\/wp-json\/wp\/v2\/types\/post"}],"author":[{"embeddable":true,"href":"https:\/\/www.r2cpress.com.br\/v1\/wp-json\/wp\/v2\/users\/2"}],"replies":[{"embeddable":true,"href":"https:\/\/www.r2cpress.com.br\/v1\/wp-json\/wp\/v2\/comments?post=97744"}],"version-history":[{"count":2,"href":"https:\/\/www.r2cpress.com.br\/v1\/wp-json\/wp\/v2\/posts\/97744\/revisions"}],"predecessor-version":[{"id":97747,"href":"https:\/\/www.r2cpress.com.br\/v1\/wp-json\/wp\/v2\/posts\/97744\/revisions\/97747"}],"wp:attachment":[{"href":"https:\/\/www.r2cpress.com.br\/v1\/wp-json\/wp\/v2\/media?parent=97744"}],"wp:term":[{"taxonomy":"category","embeddable":true,"href":"https:\/\/www.r2cpress.com.br\/v1\/wp-json\/wp\/v2\/categories?post=97744"},{"taxonomy":"post_tag","embeddable":true,"href":"https:\/\/www.r2cpress.com.br\/v1\/wp-json\/wp\/v2\/tags?post=97744"}],"curies":[{"name":"wp","href":"https:\/\/api.w.org\/{rel}","templated":true}]}}