{"id":97831,"date":"2015-12-12T12:08:39","date_gmt":"2015-12-12T15:08:39","guid":{"rendered":"http:\/\/www.r2cpress.com.br\/v1\/?p=97831"},"modified":"2015-12-12T12:08:39","modified_gmt":"2015-12-12T15:08:39","slug":"batalhao-de-policia-turistica-recebe-mais-138-pms-e-ampliacao","status":"publish","type":"post","link":"https:\/\/www.r2cpress.com.br\/v1\/2015\/12\/12\/batalhao-de-policia-turistica-recebe-mais-138-pms-e-ampliacao\/","title":{"rendered":"Batalh\u00e3o de Pol\u00edcia Tur\u00edstica recebe mais 138 PMs e amplia\u00e7\u00e3o"},"content":{"rendered":"<p>Os \u00a0138 oficiais e pra\u00e7as que se formaram no Curso de Policiamento Tur\u00edstico do Batalh\u00e3o Especializado de Pol\u00edcia Tur\u00edstica (Beptur), na \u00faltima sexta-feira (11), j\u00e1 est\u00e3o a servi\u00e7o da popula\u00e7\u00e3o, refor\u00e7ando a seguran\u00e7a nos principais pontos tur\u00edsticos de Salvador. A cerim\u00f4nia de formatura aconteceu na antiga Faculdade de Medicina, no Pelourinho, em Salvador, com a presen\u00e7a do comandante-geral da Pol\u00edcia Militar, coronel Anselmo Brand\u00e3o, e de representantes das secretarias estaduais do Turismo (Setur) e da Seguran\u00e7a P\u00fablica (SSP), al\u00e9m do trade tur\u00edstico.<\/p>\n<div id=\"story_text\">\n<div align=\"justify\">Os policiais tamb\u00e9m foram qualificados para trabalharem em receptivo, garantindo o bem-estar dos visitantes em locais como o Elevador Lacerda, Dique do Toror\u00f3, Centro Hist\u00f3rico, Mercado Modelo, Porto de Salvador, Barra, Rio Vermelho, Ondina, Bonfim, aeroporto, entre outros.<\/p>\n<div id=\"attachment_97832\" style=\"width: 610px\" class=\"wp-caption aligncenter\"><a href=\"http:\/\/www.r2cpress.com.br\/v1\/wp-content\/uploads\/2015\/12\/PM-Tur-by-El\u00f3i-Corr\u00eaa-GOVBA.jpg\"><img aria-describedby=\"caption-attachment-97832\" loading=\"lazy\" class=\"size-full wp-image-97832\" src=\"http:\/\/www.r2cpress.com.br\/v1\/wp-content\/uploads\/2015\/12\/PM-Tur-by-El\u00f3i-Corr\u00eaa-GOVBA.jpg\" alt=\"PM Tur  by El\u00f3i Corr\u00eaa GOVBA\" width=\"600\" height=\"398\" srcset=\"https:\/\/www.r2cpress.com.br\/v1\/wp-content\/uploads\/2015\/12\/PM-Tur-by-El\u00f3i-Corr\u00eaa-GOVBA.jpg 600w, https:\/\/www.r2cpress.com.br\/v1\/wp-content\/uploads\/2015\/12\/PM-Tur-by-El\u00f3i-Corr\u00eaa-GOVBA-300x199.jpg 300w\" sizes=\"(max-width: 600px) 100vw, 600px\" \/><\/a><p id=\"caption-attachment-97832\" class=\"wp-caption-text\">PM Tur by El\u00f3i Corr\u00eaa GOVBA<\/p><\/div>\n<p><strong>Pol\u00edcia comunit\u00e1ria<\/strong><\/p>\n<p>Os oficiais e pra\u00e7as fizeram a capacita\u00e7\u00e3o por um m\u00eas, quanto tiveram aulas de ingl\u00eas operacional, hist\u00f3ria dos monumentos da cidade, turismo, cidadania, numa forma\u00e7\u00e3o que vai al\u00e9m da seguran\u00e7a p\u00fablica, como explicou o comandante do Beptur, tenente-coronel Josehilton dos Santos. &#8220;Este \u00e9 uma tipo de policiamento especializado, somos uma pol\u00edcia comunit\u00e1ria, para fazer o trabalho de aproxima\u00e7\u00e3o, de informa\u00e7\u00e3o tur\u00edstica. Al\u00e9m de garantir seguran\u00e7a, os policiais est\u00e3o capacitados para fazer o contato com quem chega ao nosso estado, para receber bem e atender as necessidades desse p\u00fablico&#8221;, afirmou.<\/p>\n<p>Criado em maio deste ano, o batalh\u00e3o j\u00e1 disp\u00f5e de 282 policiais militares preparados para atender \u00e0 capital baiana e ao interior da Bahia, caso necess\u00e1rio. Segundo o comandante-geral da PM, esse tipo de policiamento deve ser expandido de maneira permanente para outros pontos da Bahia. &#8220;[&#8230;] estamos fazendo isso n\u00e3o s\u00f3 para o turista [&#8230;]. \u00c9 um servi\u00e7o para toda a sociedade&#8221;.<\/p>\n<p><strong>Multiplicadores<\/strong><\/p>\n<p>Na cerim\u00f4nia de formatura, receberam certificados as terceira e quarta turmas de pra\u00e7as e a primeira de oficiais do Bpetur. S\u00e3o 17 oficiais qualificados para atuar como multiplicadores dos conhecimentos adquiridos, a fim de refor\u00e7ar o trabalho do batalh\u00e3o.<\/p>\n<p>Um dos formandos \u00e9 o subcomandante Beptur, o major Jaime de Freitas Neto, que falou sobre a satisfa\u00e7\u00e3o de fazer uma forma\u00e7\u00e3o espec\u00edfica para o trabalho. &#8220;Aprendemos, entre outras coisas, o ingl\u00eas instrumental, informa\u00e7\u00f5es sobre os pontos tur\u00edsticos, a hist\u00f3ria deles e do estado. \u00c9 uma oportunidade de atender melhor ao turista e ao baiano&#8221;, disse.<\/p><\/div>\n<\/div>\n","protected":false},"excerpt":{"rendered":"<p>Os \u00a0138 oficiais e pra\u00e7as que se formaram no Curso de Policiamento Tur\u00edstico do Batalh\u00e3o Especializado de Pol\u00edcia Tur\u00edstica (Beptur), na \u00faltima sexta-feira (11), j\u00e1 est\u00e3o a servi\u00e7o da popula\u00e7\u00e3o, refor\u00e7ando a seguran\u00e7a nos principais pontos tur\u00edsticos de Salvador. A cerim\u00f4nia de formatura aconteceu na antiga Faculdade de Medicina, no Pelourinho, em Salvador, com a [&hellip;]<\/p>\n","protected":false},"author":2,"featured_media":0,"comment_status":"open","ping_status":"open","sticky":false,"template":"","format":"standard","meta":{"_links_to":"","_links_to_target":""},"categories":[29,25],"tags":[],"_links":{"self":[{"href":"https:\/\/www.r2cpress.com.br\/v1\/wp-json\/wp\/v2\/posts\/97831"}],"collection":[{"href":"https:\/\/www.r2cpress.com.br\/v1\/wp-json\/wp\/v2\/posts"}],"about":[{"href":"https:\/\/www.r2cpress.com.br\/v1\/wp-json\/wp\/v2\/types\/post"}],"author":[{"embeddable":true,"href":"https:\/\/www.r2cpress.com.br\/v1\/wp-json\/wp\/v2\/users\/2"}],"replies":[{"embeddable":true,"href":"https:\/\/www.r2cpress.com.br\/v1\/wp-json\/wp\/v2\/comments?post=97831"}],"version-history":[{"count":2,"href":"https:\/\/www.r2cpress.com.br\/v1\/wp-json\/wp\/v2\/posts\/97831\/revisions"}],"predecessor-version":[{"id":97834,"href":"https:\/\/www.r2cpress.com.br\/v1\/wp-json\/wp\/v2\/posts\/97831\/revisions\/97834"}],"wp:attachment":[{"href":"https:\/\/www.r2cpress.com.br\/v1\/wp-json\/wp\/v2\/media?parent=97831"}],"wp:term":[{"taxonomy":"category","embeddable":true,"href":"https:\/\/www.r2cpress.com.br\/v1\/wp-json\/wp\/v2\/categories?post=97831"},{"taxonomy":"post_tag","embeddable":true,"href":"https:\/\/www.r2cpress.com.br\/v1\/wp-json\/wp\/v2\/tags?post=97831"}],"curies":[{"name":"wp","href":"https:\/\/api.w.org\/{rel}","templated":true}]}}