{"id":97846,"date":"2015-12-13T16:48:38","date_gmt":"2015-12-13T19:48:38","guid":{"rendered":"http:\/\/www.r2cpress.com.br\/v1\/?p=97846"},"modified":"2015-12-13T16:48:38","modified_gmt":"2015-12-13T19:48:38","slug":"policiais-militares-encontram-cadeirante-abandonada-e-desesperada-e-a-ajudam-a-voltar-para-casa","status":"publish","type":"post","link":"https:\/\/www.r2cpress.com.br\/v1\/2015\/12\/13\/policiais-militares-encontram-cadeirante-abandonada-e-desesperada-e-a-ajudam-a-voltar-para-casa\/","title":{"rendered":"Policiais Militares encontram cadeirante abandonada e desesperada e a ajudam a voltar para casa"},"content":{"rendered":"<div style=\"width: 447px\" class=\"wp-caption aligncenter\"><img loading=\"lazy\" class=\"\" src=\"http:\/\/www.pm.ba.gov.br\/images\/Foto%201.jpg\" alt=\"\" width=\"437\" height=\"327\" \/><p class=\"wp-caption-text\"><strong>PM- BA<\/strong><\/p><\/div>\n<p>Na noite desta sexta-feira (11), por volta das 22h40min, policiais militares da 39\u00aa CIPM realizavam o motopatrulhamento pela orla de Salvador quando avistaram uma mulher em uma cadeira de rodas visivelmente aflita.<\/p>\n<p>Os policiais resolveram averiguar a situa\u00e7\u00e3o e, ao se aproximarem, perceberam que a senhora chorava muito. Ao perguntarem o que tinha se passado, foi-lhes dito pela mulher identificada como Keliane de Jesus, 28 anos, que ela tinha vindo de carona da cidade de Feira de Santana com um conhecido e que ele a havia deixado naquele local. Disse ainda que era \u00f3rf\u00e3 de pai e m\u00e3e e n\u00e3o dispunha de qualquer recurso para regressar a Feira de Santana.<\/p>\n<p>Sensibilizados com a situa\u00e7\u00e3o de vulnerabilidade daquela mulher os tr\u00eas policiais militares incialmente mantiveram contato com a pessoa mais pr\u00f3xima da cadeirante, uma senhora chamada Marta residente tamb\u00e9m em Feira de Santana, que ratificou a hist\u00f3ria narrada e disse que, infelizmente, tamb\u00e9m n\u00e3o dispunha de recursos para vir busc\u00e1-la em Salvador.<\/p>\n<div style=\"width: 255px\" class=\"wp-caption aligncenter\"><img loading=\"lazy\" class=\"\" src=\"http:\/\/www.pm.ba.gov.br\/images\/Foto%203.jpg\" alt=\"\" width=\"245\" height=\"437\" \/><p class=\"wp-caption-text\"><strong>PM &#8211; BA<\/strong><\/p><\/div>\n<p>Diante da situa\u00e7\u00e3o os militares assumiram a paternidade da causa e prestaram todo o apoio \u00e0quela fr\u00e1gil mulher. Embarcaram-na em um ve\u00edculo do transporte coletivo at\u00e9 a esta\u00e7\u00e3o rodovi\u00e1ria da capital e depois cotizaram entre os tr\u00eas o valor da passagem at\u00e9 Feira de Santana, onde a Sr.\u00aa Marta disse que estaria esperando por ela. Ao se despedir, a garota muito emocionada lhes disse: \u201c&#8230;voc\u00eas s\u00e3o muito mais que policiais militares, voc\u00eas s\u00e3o verdadeiros anjos que nos protegem e nos amparam. Muito obrigada mesmo!\u201d Despediu-se a garota chorando, mas agora de alegria e gratid\u00e3o.<\/p>\n<div style=\"width: 337px\" class=\"wp-caption aligncenter\"><img loading=\"lazy\" class=\"\" src=\"http:\/\/www.pm.ba.gov.br\/images\/Foto%202.jpg\" alt=\"\" width=\"327\" height=\"437\" \/><p class=\"wp-caption-text\"><strong>PM &#8211; BA<\/strong><\/p><\/div>\n<p>A Pol\u00edcia Militar da Bahia se orgulha profundamente deste gesto protagonizado pelos policiais da 39\u00aa CIPM e tem consci\u00eancia que outros tantos gestos como este s\u00e3o realizados no dia a dia da nossa atividade, mas n\u00e3o chegam ao conhecimento p\u00fablico. Parab\u00e9ns a todos os policiais militares que carregam consigo a nobreza e a honra de bem servir \u00e0 popula\u00e7\u00e3o baiana.<\/p>\n<p>&#8212;<\/p>\n<p><strong>PM-BA <\/strong><\/p>\n<p><strong>(DEPARTAMENTO DE COMUNICA\u00c7\u00c3O SOCIAL).<\/strong><\/p>\n<p>http:\/\/www.pm.ba.gov.br\/index.php?option=com_content&#038;view=article&#038;id=7424:policiais-militares-encontram-cadeirante-abandonada-e-desesperada-e-a-ajudam-a-voltar-para-casa&#038;catid=251:news&#038;Itemid=1041<\/p>\n","protected":false},"excerpt":{"rendered":"<p>Na noite desta sexta-feira (11), por volta das 22h40min, policiais militares da 39\u00aa CIPM realizavam o motopatrulhamento pela orla de Salvador quando avistaram uma mulher em uma cadeira de rodas visivelmente aflita. Os policiais resolveram averiguar a situa\u00e7\u00e3o e, ao se aproximarem, perceberam que a senhora chorava muito. Ao perguntarem o que tinha se passado, [&hellip;]<\/p>\n","protected":false},"author":2,"featured_media":0,"comment_status":"open","ping_status":"open","sticky":false,"template":"","format":"standard","meta":{"_links_to":"","_links_to_target":""},"categories":[29,25],"tags":[],"_links":{"self":[{"href":"https:\/\/www.r2cpress.com.br\/v1\/wp-json\/wp\/v2\/posts\/97846"}],"collection":[{"href":"https:\/\/www.r2cpress.com.br\/v1\/wp-json\/wp\/v2\/posts"}],"about":[{"href":"https:\/\/www.r2cpress.com.br\/v1\/wp-json\/wp\/v2\/types\/post"}],"author":[{"embeddable":true,"href":"https:\/\/www.r2cpress.com.br\/v1\/wp-json\/wp\/v2\/users\/2"}],"replies":[{"embeddable":true,"href":"https:\/\/www.r2cpress.com.br\/v1\/wp-json\/wp\/v2\/comments?post=97846"}],"version-history":[{"count":2,"href":"https:\/\/www.r2cpress.com.br\/v1\/wp-json\/wp\/v2\/posts\/97846\/revisions"}],"predecessor-version":[{"id":97848,"href":"https:\/\/www.r2cpress.com.br\/v1\/wp-json\/wp\/v2\/posts\/97846\/revisions\/97848"}],"wp:attachment":[{"href":"https:\/\/www.r2cpress.com.br\/v1\/wp-json\/wp\/v2\/media?parent=97846"}],"wp:term":[{"taxonomy":"category","embeddable":true,"href":"https:\/\/www.r2cpress.com.br\/v1\/wp-json\/wp\/v2\/categories?post=97846"},{"taxonomy":"post_tag","embeddable":true,"href":"https:\/\/www.r2cpress.com.br\/v1\/wp-json\/wp\/v2\/tags?post=97846"}],"curies":[{"name":"wp","href":"https:\/\/api.w.org\/{rel}","templated":true}]}}