{"id":97896,"date":"2015-12-14T20:46:14","date_gmt":"2015-12-14T23:46:14","guid":{"rendered":"http:\/\/www.r2cpress.com.br\/v1\/?p=97896"},"modified":"2015-12-14T20:46:14","modified_gmt":"2015-12-14T23:46:14","slug":"natal-na-praca-movimenta-o-pontal-nesta-semana","status":"publish","type":"post","link":"https:\/\/www.r2cpress.com.br\/v1\/2015\/12\/14\/natal-na-praca-movimenta-o-pontal-nesta-semana\/","title":{"rendered":"NATAL NA PRA\u00c7A MOVIMENTA O PONTAL NESTA SEMANA"},"content":{"rendered":"<p>Com o maior pres\u00e9pio p\u00fablico de Ilh\u00e9us, o Natal na Pra\u00e7a recebe visitas da popula\u00e7\u00e3o em clima de Natal, com missas, diversas atra\u00e7\u00f5es e atendimentos gratuitos<\/p>\n<p>A festa natalina da comunidade acontece de 13 a 19 de dezembro, em Ilh\u00e9us, com a 9\u00aa edi\u00e7\u00e3o do Natal na Pra\u00e7a do Pontal, realizado pela Par\u00f3quia S\u00e3o Jo\u00e3o Batista, da Diocese de Ilh\u00e9us. Aberto ao p\u00fablico, o festejo ocorre com celebra\u00e7\u00f5es eucar\u00edsticas, atra\u00e7\u00f5es com diversos shows gratuitos, apresenta\u00e7\u00f5es teatrais, de dan\u00e7a, cantos corais, sempre \u00e0s 19h, al\u00e9m de atendimentos de sa\u00fade gratuitos para a popula\u00e7\u00e3o, de quarta a sexta-feira das 14h \u00e0s 17h. Confira a programa\u00e7\u00e3o.<\/p>\n<p>&#8220;A festa que mais marca as nossas hist\u00f3rias de adultos, e quando \u00e9ramos crian\u00e7as, \u00e9 o Natal&#8221;, explica o Padre da Par\u00f3quia S\u00e3o Jo\u00e3o Batista, o P\u00e1roco Joelson Dias, que informa o principal objetivo do evento, &#8220;anunciar o verdadeiro sentido do Natal, Jesus, o tempo do advento, aquele que h\u00e1 de vir, que est\u00e1 para chegar&#8221;.<\/p>\n<p>Toda a comunidade est\u00e1 convidada para 9\u00ba Natal na Pra\u00e7a. Al\u00e9m das apresenta\u00e7\u00f5es culturais gratuitas, bandas cat\u00f3licas e seculares, h\u00e1 a exposi\u00e7\u00e3o do maior pres\u00e9pio p\u00fablico de Ilh\u00e9us, assim como, todos os dias antes dos shows, haver\u00e1 celebra\u00e7\u00e3o p\u00fablica na pra\u00e7a, com missa, novena e ben\u00e7\u00e3o do sant\u00edssimo, sempre as 19 horas. &#8220;Estamos tamb\u00e9m integrados com a cultura e festa popular, trazendo bandas seculares. Algumas pessoas dificilmente poderiam pagar para assistir um show, por exemplo, da banda Lord\u00e3o, que n\u00e3o nos cobrou o cach\u00ea&#8221;, afirmou o P\u00e1roco Joelson.<\/p>\n<p><!--more--><\/p>\n<p>Iniciado h\u00e1 9 anos pelo Pe. Jarmil Sarmento, este projeto \u00e9 elogiado e abra\u00e7ado pelo Pe. Joelson, dada a import\u00e2ncia da evangeliza\u00e7\u00e3o para a comunidade e, sobretudo, para as crian\u00e7as. &#8220;&#8216;Eis que vos anuncio uma grande alegria, nasceu para v\u00f3s o Salvador&#8217;, diz o Evangelho de S\u00e3o Lucas. \u00c9 essa palavra que a gente traz, para que o Natal seja realmente uma festa de alegria, confraterniza\u00e7\u00e3o, para reunir as fam\u00edlias, as pessoas de forma pac\u00edfica e harmoniosa. Porque o Natal ficou muito reduzido ao com\u00e9rcio e \u00e0 figura de papai noel, sem uma associa\u00e7\u00e3o direta ao nascimento de Cristo. Ent\u00e3o, divulgar o Natal, \u00e9 uma ideia excelente, em que a crian\u00e7a tem liberdade para participar. Isso \u00e9 grandioso, as crian\u00e7as crescerem com esse esp\u00edrito natalino, o esp\u00edrito da a\u00e7\u00e3o de Cristo&#8221;, destacou o P\u00e1roco Joelson.<\/p>\n<p>De quarta (16) a sexta-feira (18) desta semana, atendimentos de sa\u00fade gratuitos tamb\u00e9m ser\u00e3o oferecidos para a popula\u00e7\u00e3o, das 14h as 17h, por meio da parceria da Par\u00f3quia realizadora com a Secretaria de Sa\u00fade do Munic\u00edpio de Ilh\u00e9us. Ter\u00e1 atendimentos como na \u00e1rea odontol\u00f3gica, por meio da estrutura do Odontom\u00f3vel, aferi\u00e7\u00e3o de press\u00e3o arterial, testes de glicemias, vacina\u00e7\u00e3o de crian\u00e7as e adultos e triagem contra o c\u00e2ncer de mama e pr\u00f3stata.<\/p>\n<p>O evento recebeu a confirma\u00e7\u00e3o do policiamento pela 69\u00aa Companhia Independente de Pol\u00edcia Militar da Zona Sul de Ilh\u00e9us, \u00e9 patrocinado pela Pastoral do D\u00edzimo, pelas pessoas e bandas que n\u00e3o cobraram cach\u00ea para as apresenta\u00e7\u00f5es, al\u00e9m da colabora\u00e7\u00e3o da Pizzaria Pinochio. O p\u00e1roco explica que o custo do evento \u00e9 alto e contou-se com pouco patroc\u00ednio. A organiza\u00e7\u00e3o tem a expectativa de receber ajuda da Prefeitura, que at\u00e9 o momento foi confirmada mas ainda n\u00e3o se efetivou. Quem quiser ajudar no custeio das despesas pode entrar em contato com a secretaria (73) 3632-7113.<\/p>\n<p>Confira a Programa\u00e7\u00e3o<\/p>\n<p>14\/12 > Segunda-feira<br \/>\n19h Ben\u00e7\u00e3o do Sant\u00edssimo e Entrega da Vela da Fam\u00edlia<br \/>\nAtra\u00e7\u00f5es: Lu\u00eds F\u00e1bio e Banda, Paulo Henrique, Abiel, Edu Neto<\/p>\n<p>15\/12 > Ter\u00e7a-feira<br \/>\n19h Missa da Partilha dos Alimentos N\u00e3o Perec\u00edveis<br \/>\nAtra\u00e7\u00f5es: Armando Lui e Banda Lord\u00e3o<\/p>\n<p>16\/12 > Quarta-Feira<br \/>\n19h Novena de Natal<br \/>\nAtra\u00e7\u00f5es: Coral da CEPLAC, Arrisca Cia de Dan\u00e7a, Neya dos Anjos e Amigos em Can\u00e7\u00e3o, Servir e Adorar<\/p>\n<p>17\/12 > Quinta-Feira<br \/>\n19h Missa pela Paz Mundial<br \/>\nAtra\u00e7\u00f5es: Esta\u00e7\u00e3o da Dan\u00e7a, Banda Filhos de Davi, Eneuc, Lumen Christ<\/p>\n<p>18\/12 > Sexta-Feira<br \/>\n19h Missa da Miseric\u00f3rdia com Ben\u00e7\u00e3o das Crian\u00e7as<br \/>\nAtra\u00e7\u00f5es: N\u00facleo de Dan\u00e7a, Teatro Vinde e Vede, Banda Vinde e Vede, Banda Dibalada<\/p>\n<p>19\/12 > S\u00e1bado<br \/>\n19h30 Missa de A\u00e7\u00e3o de Gra\u00e7as com Ben\u00e7\u00e3o Papal<br \/>\nAbertura do Ano da Miseric\u00f3rdia<\/p>\n","protected":false},"excerpt":{"rendered":"<p>Com o maior pres\u00e9pio p\u00fablico de Ilh\u00e9us, o Natal na Pra\u00e7a recebe visitas da popula\u00e7\u00e3o em clima de Natal, com missas, diversas atra\u00e7\u00f5es e atendimentos gratuitos A festa natalina da comunidade acontece de 13 a 19 de dezembro, em Ilh\u00e9us, com a 9\u00aa edi\u00e7\u00e3o do Natal na Pra\u00e7a do Pontal, realizado pela Par\u00f3quia S\u00e3o Jo\u00e3o [&hellip;]<\/p>\n","protected":false},"author":2,"featured_media":0,"comment_status":"open","ping_status":"open","sticky":false,"template":"","format":"standard","meta":{"_links_to":"","_links_to_target":""},"categories":[14],"tags":[],"_links":{"self":[{"href":"https:\/\/www.r2cpress.com.br\/v1\/wp-json\/wp\/v2\/posts\/97896"}],"collection":[{"href":"https:\/\/www.r2cpress.com.br\/v1\/wp-json\/wp\/v2\/posts"}],"about":[{"href":"https:\/\/www.r2cpress.com.br\/v1\/wp-json\/wp\/v2\/types\/post"}],"author":[{"embeddable":true,"href":"https:\/\/www.r2cpress.com.br\/v1\/wp-json\/wp\/v2\/users\/2"}],"replies":[{"embeddable":true,"href":"https:\/\/www.r2cpress.com.br\/v1\/wp-json\/wp\/v2\/comments?post=97896"}],"version-history":[{"count":2,"href":"https:\/\/www.r2cpress.com.br\/v1\/wp-json\/wp\/v2\/posts\/97896\/revisions"}],"predecessor-version":[{"id":97898,"href":"https:\/\/www.r2cpress.com.br\/v1\/wp-json\/wp\/v2\/posts\/97896\/revisions\/97898"}],"wp:attachment":[{"href":"https:\/\/www.r2cpress.com.br\/v1\/wp-json\/wp\/v2\/media?parent=97896"}],"wp:term":[{"taxonomy":"category","embeddable":true,"href":"https:\/\/www.r2cpress.com.br\/v1\/wp-json\/wp\/v2\/categories?post=97896"},{"taxonomy":"post_tag","embeddable":true,"href":"https:\/\/www.r2cpress.com.br\/v1\/wp-json\/wp\/v2\/tags?post=97896"}],"curies":[{"name":"wp","href":"https:\/\/api.w.org\/{rel}","templated":true}]}}