{"id":97899,"date":"2015-12-14T20:56:09","date_gmt":"2015-12-14T23:56:09","guid":{"rendered":"http:\/\/www.r2cpress.com.br\/v1\/?p=97899"},"modified":"2015-12-14T20:56:09","modified_gmt":"2015-12-14T23:56:09","slug":"liderancas-regionais-articularam-acoes-para-o-combate-a-seca","status":"publish","type":"post","link":"https:\/\/www.r2cpress.com.br\/v1\/2015\/12\/14\/liderancas-regionais-articularam-acoes-para-o-combate-a-seca\/","title":{"rendered":"Lideran\u00e7as regionais articularam a\u00e7\u00f5es para o combate a seca"},"content":{"rendered":"<p>Durante um encontro entre lideran\u00e7as regionais do Poder P\u00fablico e da sociedade civil organizada, na manh\u00e3 desta segunda-feira, 14, na sede da Associa\u00e7\u00e3o dos Munic\u00edpios do Sul, Extremo Sul e Sudoeste Baiano \u2013 Amurc foi elaborado um documento que solicita do Governo do Estado e a Uni\u00e3o, o atendimento a algumas demandas emergenciais diante da estiagem prolongada que assola o Territ\u00f3rio Litoral Sul da Bahia e demais territ\u00f3rios.<\/p>\n<div id=\"attachment_97901\" style=\"width: 610px\" class=\"wp-caption aligncenter\"><a href=\"http:\/\/www.r2cpress.com.br\/v1\/wp-content\/uploads\/2015\/12\/Entidades-representadas-na-reuni\u00e3o-realizada-na-Amurc.jpg\"><img aria-describedby=\"caption-attachment-97901\" loading=\"lazy\" src=\"http:\/\/www.r2cpress.com.br\/v1\/wp-content\/uploads\/2015\/12\/Entidades-representadas-na-reuni\u00e3o-realizada-na-Amurc.jpg\" alt=\"Entidades representadas na reuni\u00e3o realizada na Amurc\" width=\"600\" height=\"400\" class=\"size-full wp-image-97901\" srcset=\"https:\/\/www.r2cpress.com.br\/v1\/wp-content\/uploads\/2015\/12\/Entidades-representadas-na-reuni\u00e3o-realizada-na-Amurc.jpg 600w, https:\/\/www.r2cpress.com.br\/v1\/wp-content\/uploads\/2015\/12\/Entidades-representadas-na-reuni\u00e3o-realizada-na-Amurc-300x200.jpg 300w\" sizes=\"(max-width: 600px) 100vw, 600px\" \/><\/a><p id=\"caption-attachment-97901\" class=\"wp-caption-text\">Entidades representadas na reuni\u00e3o realizada na Amurc<\/p><\/div>\n<p>As solicita\u00e7\u00f5es reproduzem o of\u00edcio enviado ainda no in\u00edcio do m\u00eas pelo presidente da Amurc, Lenildo Santana ao Governo do Estado, que relatou a escassez de \u00e1gua na regi\u00e3o, tanto na zona urbana como rural. Dentre as pol\u00edticas requeridas, foram destacas a necessidade de: bombardeamento das nuvens, que j\u00e1 est\u00e1 sendo executado em Ilh\u00e9us, a aquisi\u00e7\u00e3o de carros-pipas e tanques, al\u00e9m de iniciativas a m\u00e9dio e longo prazo para a obten\u00e7\u00e3o de cisternas e po\u00e7os artesianos visando o armazenamento de \u00e1gua em maior quantidade.<\/p>\n<p>Paralelo a essa iniciativa, o secret\u00e1rio de Agricultura e Meio Ambiente de Itabuna, Lanns Almeida refor\u00e7ou a necessidade dos munic\u00edpios decretarem Estado de Emerg\u00eancia, conforme a Legisla\u00e7\u00e3o da Defesa Civil do Estado e a n\u00edvel Nacional para que eles possam reivindicar junto ao Estado e a Uni\u00e3o os recursos necess\u00e1rios para a utiliza\u00e7\u00e3o de equipamentos e a solu\u00e7\u00e3o de alguns problemas pontuais, a exemplo da perda da lavoura cacaueira e o aumento das queimadas na regi\u00e3o.<\/p>\n<p><!--more--><\/p>\n<p>O coordenador regional do Servi\u00e7o Territorial de Apoio \u00e0 Agricultura Familiar (Setaf), Marcos Souza revelou que alguns t\u00e9cnicos do setor, est\u00e3o \u00e0 disposi\u00e7\u00e3o do comit\u00ea de combate a seca, e estar\u00e3o elaborando um documento sobre algumas necessidades b\u00e1sicas imediatas. &#8220;Ser\u00e1 feito um levantamento de tudo que est\u00e1 acontecendo para encaminhar ao Governo uma Nota T\u00e9cnica informando sobre a realidade e as necessidades de cada munic\u00edpio&#8221;.<\/p>\n<p>Algumas a\u00e7\u00f5es j\u00e1 est\u00e3o sendo realizadas em parceria do Instituto Pensar Cacau, produtores e a classe empresarial, que conseguiram a contrata\u00e7\u00e3o da empresa ModClima, para a nuclea\u00e7\u00e3o de nuvens no munic\u00edpio de Ilh\u00e9us e no seu entorno. De acordo com coordenador do IPC, \u00c1guido Muniz a empresa j\u00e1 est\u00e1 operando na localidade e realizar\u00e1 10 horas de v\u00f4o para incentivar ocorr\u00eancia de chuvas. &#8220;Iremos nos empenhar para estender esse servi\u00e7o para outros munic\u00edpios que est\u00e3o fora da \u00e1rea, mas para isso \u00e9 necess\u00e1rio que as regi\u00f5es se mobilizem em busca de recursos&#8221;.<\/p>\n<p>Entidades<\/p>\n<p>O documento de solicita\u00e7\u00e3o ao Estado foi assinado por representantes das seguintes entidades: Amurc; Prefeituras de Itabuna, Ilh\u00e9us, Pau Brasil, Uru\u00e7uca, Buerarema, Santa Luzia; C\u00e2mara de Vereadores de Itabuna; Companhia de Desenvolvimento e A\u00e7\u00e3o Regional (CAR); Assist\u00eancia T\u00e9cnica e Extens\u00e3o Rural (BAHIATER), Servi\u00e7o Territorial de Apoio \u00e0 Agricultura Familiar (SETAF), Colegiado Territorial Litoral Sul da Bahia; Ag\u00eancia de Defesa Agropecu\u00e1ria da Bahia (ADAB) do Governo Estadual; Comiss\u00e3o Executiva de Planejamento da Lavoura Cacaueira (CEPLAC); Instituto Nacional de Coloniza\u00e7\u00e3o e Reforma Agr\u00e1ria (INCRA) do Governo federal.<\/p>\n<p>Projeto de Assentamento Terra Vista; Movimento De Luta Pela Terra (MLT); Polimata Solu\u00e7\u00f5es Agr\u00edcolas e Ambientais; Sindicato dos Trabalhadores e Trabalhadoras Rurais de Itabuna; CDS\/LS; CIMA; Instituto Pensar Cacau; Teia dos Povos; COOPAFS- Cooperativa da Agricultura Familiar e Economia Solid\u00e1ria do Sul da Bahia; Centrafesol; COOTEBA; Associa\u00e7\u00e3o dos Pequenos Produtores e Posseiros da Ro\u00e7a do Povo; Inema; Projeto de Assentamento Alemita; Projeto de Assentamento Manoel Chin\u00eas; Uesc; Associa\u00e7\u00e3o Ilha das Flores e Oca.<\/p>\n","protected":false},"excerpt":{"rendered":"<p>Durante um encontro entre lideran\u00e7as regionais do Poder P\u00fablico e da sociedade civil organizada, na manh\u00e3 desta segunda-feira, 14, na sede da Associa\u00e7\u00e3o dos Munic\u00edpios do Sul, Extremo Sul e Sudoeste Baiano \u2013 Amurc foi elaborado um documento que solicita do Governo do Estado e a Uni\u00e3o, o atendimento a algumas demandas emergenciais diante da [&hellip;]<\/p>\n","protected":false},"author":2,"featured_media":0,"comment_status":"open","ping_status":"open","sticky":false,"template":"","format":"standard","meta":{"_links_to":"","_links_to_target":""},"categories":[3,13,1],"tags":[],"_links":{"self":[{"href":"https:\/\/www.r2cpress.com.br\/v1\/wp-json\/wp\/v2\/posts\/97899"}],"collection":[{"href":"https:\/\/www.r2cpress.com.br\/v1\/wp-json\/wp\/v2\/posts"}],"about":[{"href":"https:\/\/www.r2cpress.com.br\/v1\/wp-json\/wp\/v2\/types\/post"}],"author":[{"embeddable":true,"href":"https:\/\/www.r2cpress.com.br\/v1\/wp-json\/wp\/v2\/users\/2"}],"replies":[{"embeddable":true,"href":"https:\/\/www.r2cpress.com.br\/v1\/wp-json\/wp\/v2\/comments?post=97899"}],"version-history":[{"count":3,"href":"https:\/\/www.r2cpress.com.br\/v1\/wp-json\/wp\/v2\/posts\/97899\/revisions"}],"predecessor-version":[{"id":97903,"href":"https:\/\/www.r2cpress.com.br\/v1\/wp-json\/wp\/v2\/posts\/97899\/revisions\/97903"}],"wp:attachment":[{"href":"https:\/\/www.r2cpress.com.br\/v1\/wp-json\/wp\/v2\/media?parent=97899"}],"wp:term":[{"taxonomy":"category","embeddable":true,"href":"https:\/\/www.r2cpress.com.br\/v1\/wp-json\/wp\/v2\/categories?post=97899"},{"taxonomy":"post_tag","embeddable":true,"href":"https:\/\/www.r2cpress.com.br\/v1\/wp-json\/wp\/v2\/tags?post=97899"}],"curies":[{"name":"wp","href":"https:\/\/api.w.org\/{rel}","templated":true}]}}