{"id":97911,"date":"2015-12-15T12:01:09","date_gmt":"2015-12-15T15:01:09","guid":{"rendered":"http:\/\/www.r2cpress.com.br\/v1\/?p=97911"},"modified":"2015-12-15T12:01:09","modified_gmt":"2015-12-15T15:01:09","slug":"programacao-continua-quente-no-natal-na-praca","status":"publish","type":"post","link":"https:\/\/www.r2cpress.com.br\/v1\/2015\/12\/15\/programacao-continua-quente-no-natal-na-praca\/","title":{"rendered":"PROGRAMA\u00c7\u00c3O CONTINUA QUENTE NO NATAL NA PRA\u00c7A"},"content":{"rendered":"<p>Nesta ter\u00e7a-feira (15), a 9\u00aa edi\u00e7\u00e3o do Natal na Pra\u00e7a do Pontal, em Ilh\u00e9us, continua \u00e0s 19h com atra\u00e7\u00f5es culturais, num movimento que une a doa\u00e7\u00e3o de alimentos n\u00e3o perec\u00edveis a serem entregues a comunidades carentes, Missa da partilha, e atra\u00e7\u00f5es musicais como Armando Lui e a Banda Lord\u00e3o.<\/p>\n<div id=\"attachment_97912\" style=\"width: 610px\" class=\"wp-caption aligncenter\"><a href=\"http:\/\/www.r2cpress.com.br\/v1\/wp-content\/uploads\/2015\/12\/Comunidade-prestigia-o-Natal-na-Pra\u00e7a.jpg\"><img aria-describedby=\"caption-attachment-97912\" loading=\"lazy\" class=\"size-full wp-image-97912\" src=\"http:\/\/www.r2cpress.com.br\/v1\/wp-content\/uploads\/2015\/12\/Comunidade-prestigia-o-Natal-na-Pra\u00e7a.jpg\" alt=\"Comunidade prestigia o Natal na Pra\u00e7a\" width=\"600\" height=\"399\" srcset=\"https:\/\/www.r2cpress.com.br\/v1\/wp-content\/uploads\/2015\/12\/Comunidade-prestigia-o-Natal-na-Pra\u00e7a.jpg 600w, https:\/\/www.r2cpress.com.br\/v1\/wp-content\/uploads\/2015\/12\/Comunidade-prestigia-o-Natal-na-Pra\u00e7a-300x199.jpg 300w\" sizes=\"(max-width: 600px) 100vw, 600px\" \/><\/a><p id=\"caption-attachment-97912\" class=\"wp-caption-text\">Comunidade prestigia o Natal na Pra\u00e7a<\/p><\/div>\n<p>Toda a comunidade \u00e9 convidada a conhecer o maior pres\u00e9pio p\u00fablico da cidade, a participar e a fazer a doa\u00e7\u00e3o dos alimentos. O evento conta com a presen\u00e7a marcante das crian\u00e7as e a seguran\u00e7a da 69\u00aa Companhia Independente de Pol\u00edcia Militar da Zona Sul de Ilh\u00e9us.<\/p>\n<p>Na quarta-feira (16), a programa\u00e7\u00e3o segue com a Novena de Natal, \u00e0s 19h, o lindo coral da CEPLAC, apresenta\u00e7\u00e3o da Arrisca Cia de Dan\u00e7a, atra\u00e7\u00e3o musical de Neya dos Anjos e Amigos em Can\u00e7\u00e3o e a Banda Servir e Adorar. Est\u00e1 confirmada a cobertura da TV Santa Cruz na noite da quarta-feira.<\/p>\n<p>E n\u00e3o para por a\u00ed. Na quarta-feira, das 13h as 17h, atendimentos de sa\u00fade gratuitos tamb\u00e9m ser\u00e3o oferecidos para a popula\u00e7\u00e3o, por meio da parceria com a Secretaria de Sa\u00fade do Munic\u00edpio de Ilh\u00e9us. Atendimentos na \u00e1rea odontol\u00f3gica, com estrutura do Odontom\u00f3vel, aferi\u00e7\u00e3o de press\u00e3o arterial, teste de glicemia, preventivo, vacina\u00e7\u00e3o, avalia\u00e7\u00e3o nutricional, atendimento pedi\u00e1trico, atendimento cl\u00ednico, fisioterapia, triagem contra o c\u00e2ncer de mama e pr\u00f3stata, ser\u00e3o realizados, al\u00e9m da importante palestra sobre o mosquito aedes aegypt, as doen\u00e7as que ele transmite e as formas de preven\u00e7\u00e3o.<\/p>\n<p><strong>Retrospectiva<\/strong><\/p>\n<p>Segunda-feira (14), a programa\u00e7\u00e3o foi por conta da Ben\u00e7\u00e3o do Sant\u00edssimo Sacramento com a participa\u00e7\u00e3o musical ilustre de Abiel Silva, Paulo Henrique, Edu Neto e com o encerramento de Lu\u00eds F\u00e1bio e Banda, que trouxe maravilhosas m\u00fasicas e mensagens sobre o poder de Deus na vida humana.<\/p>\n<p>A abertura do domingo (13) contou com a Missa de abertura, com a banda Anjos que Curam, e a anima\u00e7\u00e3o de Amanda Andrade da Banda Di Bali.<\/p>\n","protected":false},"excerpt":{"rendered":"<p>Nesta ter\u00e7a-feira (15), a 9\u00aa edi\u00e7\u00e3o do Natal na Pra\u00e7a do Pontal, em Ilh\u00e9us, continua \u00e0s 19h com atra\u00e7\u00f5es culturais, num movimento que une a doa\u00e7\u00e3o de alimentos n\u00e3o perec\u00edveis a serem entregues a comunidades carentes, Missa da partilha, e atra\u00e7\u00f5es musicais como Armando Lui e a Banda Lord\u00e3o. Toda a comunidade \u00e9 convidada a [&hellip;]<\/p>\n","protected":false},"author":2,"featured_media":0,"comment_status":"open","ping_status":"open","sticky":false,"template":"","format":"standard","meta":{"_links_to":"","_links_to_target":""},"categories":[5,14],"tags":[],"_links":{"self":[{"href":"https:\/\/www.r2cpress.com.br\/v1\/wp-json\/wp\/v2\/posts\/97911"}],"collection":[{"href":"https:\/\/www.r2cpress.com.br\/v1\/wp-json\/wp\/v2\/posts"}],"about":[{"href":"https:\/\/www.r2cpress.com.br\/v1\/wp-json\/wp\/v2\/types\/post"}],"author":[{"embeddable":true,"href":"https:\/\/www.r2cpress.com.br\/v1\/wp-json\/wp\/v2\/users\/2"}],"replies":[{"embeddable":true,"href":"https:\/\/www.r2cpress.com.br\/v1\/wp-json\/wp\/v2\/comments?post=97911"}],"version-history":[{"count":1,"href":"https:\/\/www.r2cpress.com.br\/v1\/wp-json\/wp\/v2\/posts\/97911\/revisions"}],"predecessor-version":[{"id":97913,"href":"https:\/\/www.r2cpress.com.br\/v1\/wp-json\/wp\/v2\/posts\/97911\/revisions\/97913"}],"wp:attachment":[{"href":"https:\/\/www.r2cpress.com.br\/v1\/wp-json\/wp\/v2\/media?parent=97911"}],"wp:term":[{"taxonomy":"category","embeddable":true,"href":"https:\/\/www.r2cpress.com.br\/v1\/wp-json\/wp\/v2\/categories?post=97911"},{"taxonomy":"post_tag","embeddable":true,"href":"https:\/\/www.r2cpress.com.br\/v1\/wp-json\/wp\/v2\/tags?post=97911"}],"curies":[{"name":"wp","href":"https:\/\/api.w.org\/{rel}","templated":true}]}}