{"id":9792,"date":"2011-03-02T18:03:03","date_gmt":"2011-03-02T21:03:03","guid":{"rendered":"http:\/\/www.r2cpress.com.br\/v1\/?p=9792"},"modified":"2011-03-02T18:03:03","modified_gmt":"2011-03-02T21:03:03","slug":"ser-educado-faz-bem","status":"publish","type":"post","link":"https:\/\/www.r2cpress.com.br\/v1\/2011\/03\/02\/ser-educado-faz-bem\/","title":{"rendered":"Ser educado faz bem."},"content":{"rendered":"<p>De: Priscilla Ilde <priscillafmt @hotmail.com>\nAssunto: Ser educado faz bem.<\/p>\n<p>Corpo da mensagem:<br \/>\nAmigo Rabat,<br \/>\n Hoje a tarde na Pra\u00e7a Cair\u00fa, mas precisamente no sem\u00e1foro em frente \u00e0 padaria vi uma cena simplesmente de frustrar. Uma senhora e seu marido ambos terceira idade iam atravessar quando o sinal deu ok, e vinha uma moto que freiou no meio da faixa de pedestres ao mesmo tempo que ia atravessando um guarda da SETRANS, alto, claro, acho que ele sempre trabalha ali, o senhor tomou o susto ja no meio da faixa e a senhora disse: e o guarda ali, simplesmente isso, nesse interim outro mototaxista tamb\u00e9m vinha em alta velocidade e cruzou a faixa a senhora falou novamente; ser\u00e1 que o guarda n\u00e3o est\u00e1 vendo? Interrogou ao marido. O guarda ouviu e disse assim; O senhora eu n\u00e3o tenho olhos na bund&#8230; nem retrovisor acoplado \u00e0 mim, presta aten\u00e7\u00e3o no que diz e onde anda, a senhora parece que est\u00e1 cega. J\u00e1 do outro lado da rua, o senhor falou, olha vou falar com a secretaria, e o guarda respondeu: vai l\u00e1 velho caduco denuncia e eu a pqp, e simplemente continuou andando pro outro lado da pra\u00e7a sem nem olhar para tr\u00e1s. Ficamos eu e outra pessoa olhando a cena e abismados com a grosseiria do guarda. J\u00e1 que vai haver mais um concurso meia boca, pede pros caras que por favor deem a esses mal educados, mal amados, cursos de rela\u00e7\u00f5es interpessoais, treinamento digno, j\u00e1 que se botar pra fora \u00e9 mais um precat\u00f3rio. Ou ent\u00e3o coloca pra puxar as carro\u00e7as dos s\u00edtios dos grand\u00f5es do poder. S\u00f3 podemos narrar o fato n\u00e3o podemos fazer nada, j\u00e1 que denuncias n\u00e3o s\u00e3o apuradas poucos s\u00e3o os que tem identifica\u00e7\u00e3o na farda pra que possamos citar nomes, mas este guarda eu vi, eu vi, hoje dia 2 de mar\u00e7o \u00e0s 14;33 atravessando o sinal depois do posto de Herval. Que cavalo. Espero que ele leia isto e pelo menos fique sem dormir sentindo dor na consci\u00eancia, se tiver n\u00e9?!<\/p>\n<p>&#8212;<br \/>\nEsta mensagem foi enviada atrav\u00e9s do formul\u00e1rio de contato do site R2CPRESS | A Letra Fria da Verdade http:\/\/www.r2cpress.com.br\/v1<\/priscillafmt>\n","protected":false},"excerpt":{"rendered":"<p>De: Priscilla Ilde Assunto: Ser educado faz bem. Corpo da mensagem: Amigo Rabat, Hoje a tarde na Pra\u00e7a Cair\u00fa, mas precisamente no sem\u00e1foro em frente \u00e0 padaria vi uma cena simplesmente de frustrar. Uma senhora e seu marido ambos terceira idade iam atravessar quando o sinal deu ok, e vinha uma moto que freiou no [&hellip;]<\/p>\n","protected":false},"author":2,"featured_media":0,"comment_status":"open","ping_status":"open","sticky":false,"template":"","format":"standard","meta":{"_links_to":"","_links_to_target":""},"categories":[10],"tags":[],"_links":{"self":[{"href":"https:\/\/www.r2cpress.com.br\/v1\/wp-json\/wp\/v2\/posts\/9792"}],"collection":[{"href":"https:\/\/www.r2cpress.com.br\/v1\/wp-json\/wp\/v2\/posts"}],"about":[{"href":"https:\/\/www.r2cpress.com.br\/v1\/wp-json\/wp\/v2\/types\/post"}],"author":[{"embeddable":true,"href":"https:\/\/www.r2cpress.com.br\/v1\/wp-json\/wp\/v2\/users\/2"}],"replies":[{"embeddable":true,"href":"https:\/\/www.r2cpress.com.br\/v1\/wp-json\/wp\/v2\/comments?post=9792"}],"version-history":[{"count":2,"href":"https:\/\/www.r2cpress.com.br\/v1\/wp-json\/wp\/v2\/posts\/9792\/revisions"}],"predecessor-version":[{"id":9794,"href":"https:\/\/www.r2cpress.com.br\/v1\/wp-json\/wp\/v2\/posts\/9792\/revisions\/9794"}],"wp:attachment":[{"href":"https:\/\/www.r2cpress.com.br\/v1\/wp-json\/wp\/v2\/media?parent=9792"}],"wp:term":[{"taxonomy":"category","embeddable":true,"href":"https:\/\/www.r2cpress.com.br\/v1\/wp-json\/wp\/v2\/categories?post=9792"},{"taxonomy":"post_tag","embeddable":true,"href":"https:\/\/www.r2cpress.com.br\/v1\/wp-json\/wp\/v2\/tags?post=9792"}],"curies":[{"name":"wp","href":"https:\/\/api.w.org\/{rel}","templated":true}]}}