{"id":97944,"date":"2015-12-16T21:20:20","date_gmt":"2015-12-17T00:20:20","guid":{"rendered":"http:\/\/www.r2cpress.com.br\/v1\/?p=97944"},"modified":"2015-12-16T21:20:20","modified_gmt":"2015-12-17T00:20:20","slug":"natal-na-praca-missa-pela-paz-mundial-e-palestras-em-saude-na-quinta-feira","status":"publish","type":"post","link":"https:\/\/www.r2cpress.com.br\/v1\/2015\/12\/16\/natal-na-praca-missa-pela-paz-mundial-e-palestras-em-saude-na-quinta-feira\/","title":{"rendered":"NATAL NA PRA\u00c7A: MISSA PELA PAZ MUNDIAL E PALESTRAS EM SA\u00daDE NA QUINTA-FEIRA"},"content":{"rendered":"<p>A quinta-feira (17) do Natal na Pra\u00e7a do Pontal, ser\u00e1 marcada por palestras na \u00e1rea da sa\u00fade pela tarde, Missa pela Paz Mundial \u00e0s 19h, al\u00e9m de apresenta\u00e7\u00f5es como a Esta\u00e7\u00e3o da Dan\u00e7a, Banda Filhos de Davi, Eneuc e Banda Lumen Christ. A Par\u00f3quia S\u00e3o Jo\u00e3o Batista tamb\u00e9m est\u00e1 recolhendo doa\u00e7\u00f5es de alimentos n\u00e3o perec\u00edveis a serem destinados \u00e0 comunidades carentes na semana do Natal. Quem quiser doar deve fazer a entrega na secretaria da Igreja.<\/p>\n<div id=\"attachment_97945\" style=\"width: 610px\" class=\"wp-caption aligncenter\"><a href=\"http:\/\/www.r2cpress.com.br\/v1\/wp-content\/uploads\/2015\/12\/Comunidade-do-Pontal-durante-o-Natal-na-Pra\u00e7a.jpg\"><img aria-describedby=\"caption-attachment-97945\" loading=\"lazy\" src=\"http:\/\/www.r2cpress.com.br\/v1\/wp-content\/uploads\/2015\/12\/Comunidade-do-Pontal-durante-o-Natal-na-Pra\u00e7a.jpg\" alt=\"Comunidade do Pontal durante o Natal na Pra\u00e7a\" width=\"600\" height=\"399\" class=\"size-full wp-image-97945\" srcset=\"https:\/\/www.r2cpress.com.br\/v1\/wp-content\/uploads\/2015\/12\/Comunidade-do-Pontal-durante-o-Natal-na-Pra\u00e7a.jpg 600w, https:\/\/www.r2cpress.com.br\/v1\/wp-content\/uploads\/2015\/12\/Comunidade-do-Pontal-durante-o-Natal-na-Pra\u00e7a-300x199.jpg 300w\" sizes=\"(max-width: 600px) 100vw, 600px\" \/><\/a><p id=\"caption-attachment-97945\" class=\"wp-caption-text\">Comunidade do Pontal durante o Natal na Pra\u00e7a<\/p><\/div>\n<p>Na tarde da quinta-feira, das 16h \u00e0s 17h est\u00e1 confirmada pela Secretaria de Sa\u00fade do Munic\u00edpio a realiza\u00e7\u00e3o de atividades de educa\u00e7\u00e3o em sa\u00fade sobre os direitos dos idosos, atividade f\u00edsica e dor cr\u00f4nica, para o p\u00fablico de idosos. Outra atividade ser\u00e1 realizada simultaneamente para as crian\u00e7as, com atividades l\u00fadicas com tema ligado ao Natal, al\u00e9m da importante palestra sobre o mosquito aedes aegypt, as doen\u00e7as que ele transmite e as formas de preven\u00e7\u00e3o.<\/p>\n<p>Na sexta-feira (18), haver\u00e1 \u00e0s 19h a Missa da Miseric\u00f3rdia com Ben\u00e7\u00e3o das Crian\u00e7as. As fam\u00edlias devem levar suas crian\u00e7as para que sejam aben\u00e7oadas durante a celebra\u00e7\u00e3o. &#8220;O Natal \u00e9 a festa da crian\u00e7a tamb\u00e9m. A crian\u00e7a tem liberdade para participar. Isso \u00e9 grandioso, as crian\u00e7as crescerem com esse esp\u00edrito natalino, o esp\u00edrito da a\u00e7\u00e3o de Cristo&#8221;, destacou o P\u00e1roco Joelson Dias.<\/p>\n","protected":false},"excerpt":{"rendered":"<p>A quinta-feira (17) do Natal na Pra\u00e7a do Pontal, ser\u00e1 marcada por palestras na \u00e1rea da sa\u00fade pela tarde, Missa pela Paz Mundial \u00e0s 19h, al\u00e9m de apresenta\u00e7\u00f5es como a Esta\u00e7\u00e3o da Dan\u00e7a, Banda Filhos de Davi, Eneuc e Banda Lumen Christ. A Par\u00f3quia S\u00e3o Jo\u00e3o Batista tamb\u00e9m est\u00e1 recolhendo doa\u00e7\u00f5es de alimentos n\u00e3o perec\u00edveis [&hellip;]<\/p>\n","protected":false},"author":2,"featured_media":0,"comment_status":"open","ping_status":"open","sticky":false,"template":"","format":"standard","meta":{"_links_to":"","_links_to_target":""},"categories":[14,28],"tags":[],"_links":{"self":[{"href":"https:\/\/www.r2cpress.com.br\/v1\/wp-json\/wp\/v2\/posts\/97944"}],"collection":[{"href":"https:\/\/www.r2cpress.com.br\/v1\/wp-json\/wp\/v2\/posts"}],"about":[{"href":"https:\/\/www.r2cpress.com.br\/v1\/wp-json\/wp\/v2\/types\/post"}],"author":[{"embeddable":true,"href":"https:\/\/www.r2cpress.com.br\/v1\/wp-json\/wp\/v2\/users\/2"}],"replies":[{"embeddable":true,"href":"https:\/\/www.r2cpress.com.br\/v1\/wp-json\/wp\/v2\/comments?post=97944"}],"version-history":[{"count":1,"href":"https:\/\/www.r2cpress.com.br\/v1\/wp-json\/wp\/v2\/posts\/97944\/revisions"}],"predecessor-version":[{"id":97946,"href":"https:\/\/www.r2cpress.com.br\/v1\/wp-json\/wp\/v2\/posts\/97944\/revisions\/97946"}],"wp:attachment":[{"href":"https:\/\/www.r2cpress.com.br\/v1\/wp-json\/wp\/v2\/media?parent=97944"}],"wp:term":[{"taxonomy":"category","embeddable":true,"href":"https:\/\/www.r2cpress.com.br\/v1\/wp-json\/wp\/v2\/categories?post=97944"},{"taxonomy":"post_tag","embeddable":true,"href":"https:\/\/www.r2cpress.com.br\/v1\/wp-json\/wp\/v2\/tags?post=97944"}],"curies":[{"name":"wp","href":"https:\/\/api.w.org\/{rel}","templated":true}]}}