{"id":97982,"date":"2015-12-17T21:43:00","date_gmt":"2015-12-18T00:43:00","guid":{"rendered":"http:\/\/www.r2cpress.com.br\/v1\/?p=97982"},"modified":"2015-12-17T21:43:00","modified_gmt":"2015-12-18T00:43:00","slug":"fazenda-da-esperanca-na-diocese-de-ilheus","status":"publish","type":"post","link":"https:\/\/www.r2cpress.com.br\/v1\/2015\/12\/17\/fazenda-da-esperanca-na-diocese-de-ilheus\/","title":{"rendered":"FAZENDA DA ESPERAN\u00c7A NA DIOCESE DE ILH\u00c9US"},"content":{"rendered":"<p style=\"margin: 0cm 0cm 0.0001pt; text-align: center;\"><strong><i><span style=\"font-family: 'Georgia',serif; color: indigo;\">\u201cSejam misericordiosos como o Pai de voc\u00eas \u00e9 misericordioso\u201d (Lc 6,36)<\/span><\/i><\/strong><\/p>\n<div id=\"attachment_97983\" style=\"width: 610px\" class=\"wp-caption aligncenter\"><a href=\"http:\/\/www.r2cpress.com.br\/v1\/wp-content\/uploads\/2015\/12\/00-A-Equipe-da-Fazenda-na-Diocese.jpg\"><img aria-describedby=\"caption-attachment-97983\" loading=\"lazy\" class=\"size-full wp-image-97983\" src=\"http:\/\/www.r2cpress.com.br\/v1\/wp-content\/uploads\/2015\/12\/00-A-Equipe-da-Fazenda-na-Diocese.jpg\" alt=\"A Equipe da Fazenda na Diocese\" width=\"600\" height=\"450\" srcset=\"https:\/\/www.r2cpress.com.br\/v1\/wp-content\/uploads\/2015\/12\/00-A-Equipe-da-Fazenda-na-Diocese.jpg 600w, https:\/\/www.r2cpress.com.br\/v1\/wp-content\/uploads\/2015\/12\/00-A-Equipe-da-Fazenda-na-Diocese-300x225.jpg 300w\" sizes=\"(max-width: 600px) 100vw, 600px\" \/><\/a><p id=\"caption-attachment-97983\" class=\"wp-caption-text\">A Equipe da Fazenda na Diocese<\/p><\/div>\n<p style=\"margin: 0cm; margin-bottom: .0001pt; text-align: justify;\"><span style=\"font-family: 'Georgia',serif; color: black;\">Neste <\/span><strong><i><span style=\"font-family: 'Georgia',serif; color: indigo;\">Ano Jubilar da Miseric\u00f3rdia<\/span><\/i><\/strong><span style=\"font-family: 'Georgia',serif; color: black;\"> a <\/span><strong><span style=\"font-family: 'Georgia',serif; color: red;\">Diocese de Ilh\u00e9us <\/span><\/strong><span style=\"font-family: 'Georgia',serif; color: black;\">ter\u00e1 como gesto concreto da miseric\u00f3rdia a implanta\u00e7\u00e3o da Fazenda da Esperan\u00e7a no munic\u00edpio de Ilh\u00e9us, situada na Vila de Coutos, estrada para Buerarema.<\/span><\/p>\n<p style=\"margin: 0cm; margin-bottom: .0001pt; text-align: justify;\">\n<p style=\"margin: 0cm; margin-bottom: .0001pt; text-align: justify;\"><span style=\"font-family: 'Georgia',serif; color: black;\">A\u00a0<\/span><strong><span style=\"font-family: 'Georgia',serif; color: #663300;\">Fazenda da Esperan\u00e7a<\/span><\/strong><span style=\"font-family: 'Georgia',serif; color: black;\">\u00a0\u00e9 uma comunidade terap\u00eautica com mais de 30 anos de experi\u00eancia na recupera\u00e7\u00e3o de jovens dependentes qu\u00edmicos. Avaliada como a maior obra da Am\u00e9rica Latina desenvolvendo essa atividade e ajudando milhares de fam\u00edlias, atualmente se encontra em 15 pa\u00edses do ocidente ao oriente. Seu trabalho se baseia no trip\u00e9: conviv\u00eancia em fam\u00edlia, trabalho como processo pedag\u00f3gico e espiritualidade para encontrar um sentido de vida.<\/span><\/p>\n<p style=\"margin: 0cm; margin-bottom: .0001pt; text-align: justify;\">\n<p style=\"margin: 0cm; margin-bottom: .0001pt; text-align: justify;\"><span style=\"font-family: 'Georgia',serif; color: black;\">A Fam\u00edlia da Esperan\u00e7a que tem como miss\u00e3o &#8220;levar a Esperan\u00e7a, Jesus Cristo, ao maior n\u00famero de jovens do mundo inteiro&#8221;, dada pelo papa em\u00e9rito Bento XVI. As pessoas que quiserem participar desse projeto fazendo suas doa\u00e7\u00f5es podem se comunicar pelos telefones <strong><span style=\"font-family: 'Georgia',serif;\">(73)<\/span><\/strong> 99968-0090 <strong><span style=\"font-family: 'Georgia',serif;\">(VIVO),<\/span><\/strong> 99118-9911 <strong><span style=\"font-family: 'Georgia',serif;\">(TIM), <\/span><\/strong>98891-3013 <strong><span style=\"font-family: 'Georgia',serif;\">(OI).<\/span><\/strong><\/span><\/p>\n<p style=\"margin: 0cm; margin-bottom: .0001pt; text-align: justify;\">\n<p style=\"margin: 0cm; margin-bottom: .0001pt; text-align: justify;\"><span style=\"font-family: 'Georgia',serif; color: black;\">Quem quiser fazer doa\u00e7\u00e3o em dinheiro podem fazer dep\u00f3sito identificado em<\/span><span style=\"font-family: 'Georgia',serif; color: navy;\"> <strong><span style=\"font-family: 'Georgia',serif;\">Conta do Banco do Brasil<\/span><\/strong>, <strong><i><span style=\"font-family: 'Georgia',serif;\">Ag\u00eancia 0019-1<\/span><\/i><\/strong>, <strong><i><span style=\"font-family: 'Georgia',serif;\">Conta Corrente 8989-2<\/span><\/i><\/strong><\/span> <strong><span style=\"font-family: 'Georgia',serif; color: maroon;\">em nome da Diocese de Ilh\u00e9us.<\/span><\/strong><\/p>\n<p style=\"margin: 0cm; margin-bottom: .0001pt; text-align: justify;\"><strong><i><span style=\"font-family: 'Georgia',serif; color: navy;\">Veja a Mensagem do Bispo Diocesano de Ilh\u00e9us, a respeito deste projeto e veja como voc\u00ea poder\u00e1 ajudar&#8230; Clicando no Link abaixo!<\/span><\/i><\/strong><\/p>\n<p style=\"margin: 0cm; margin-bottom: .0001pt; text-align: justify;\"><a href=\"https:\/\/www.youtube.com\/watch?v=H7PNDd8cYeY&amp;feature=youtu.be\" target=\"_blank\"><strong><span style=\"font-family: 'Georgia',serif; color: maroon;\">www.youtube.com\/watch?v=H7PNDd8cYeY&amp;feature=youtu.be<\/span><\/strong><\/a><\/p>\n","protected":false},"excerpt":{"rendered":"<p>\u201cSejam misericordiosos como o Pai de voc\u00eas \u00e9 misericordioso\u201d (Lc 6,36) Neste Ano Jubilar da Miseric\u00f3rdia a Diocese de Ilh\u00e9us ter\u00e1 como gesto concreto da miseric\u00f3rdia a implanta\u00e7\u00e3o da Fazenda da Esperan\u00e7a no munic\u00edpio de Ilh\u00e9us, situada na Vila de Coutos, estrada para Buerarema. A\u00a0Fazenda da Esperan\u00e7a\u00a0\u00e9 uma comunidade terap\u00eautica com mais de 30 anos [&hellip;]<\/p>\n","protected":false},"author":2,"featured_media":0,"comment_status":"open","ping_status":"open","sticky":false,"template":"","format":"standard","meta":{"_links_to":"","_links_to_target":""},"categories":[14],"tags":[],"_links":{"self":[{"href":"https:\/\/www.r2cpress.com.br\/v1\/wp-json\/wp\/v2\/posts\/97982"}],"collection":[{"href":"https:\/\/www.r2cpress.com.br\/v1\/wp-json\/wp\/v2\/posts"}],"about":[{"href":"https:\/\/www.r2cpress.com.br\/v1\/wp-json\/wp\/v2\/types\/post"}],"author":[{"embeddable":true,"href":"https:\/\/www.r2cpress.com.br\/v1\/wp-json\/wp\/v2\/users\/2"}],"replies":[{"embeddable":true,"href":"https:\/\/www.r2cpress.com.br\/v1\/wp-json\/wp\/v2\/comments?post=97982"}],"version-history":[{"count":1,"href":"https:\/\/www.r2cpress.com.br\/v1\/wp-json\/wp\/v2\/posts\/97982\/revisions"}],"predecessor-version":[{"id":97984,"href":"https:\/\/www.r2cpress.com.br\/v1\/wp-json\/wp\/v2\/posts\/97982\/revisions\/97984"}],"wp:attachment":[{"href":"https:\/\/www.r2cpress.com.br\/v1\/wp-json\/wp\/v2\/media?parent=97982"}],"wp:term":[{"taxonomy":"category","embeddable":true,"href":"https:\/\/www.r2cpress.com.br\/v1\/wp-json\/wp\/v2\/categories?post=97982"},{"taxonomy":"post_tag","embeddable":true,"href":"https:\/\/www.r2cpress.com.br\/v1\/wp-json\/wp\/v2\/tags?post=97982"}],"curies":[{"name":"wp","href":"https:\/\/api.w.org\/{rel}","templated":true}]}}