{"id":98003,"date":"2015-12-18T13:51:06","date_gmt":"2015-12-18T16:51:06","guid":{"rendered":"http:\/\/www.r2cpress.com.br\/v1\/?p=98003"},"modified":"2015-12-18T13:51:06","modified_gmt":"2015-12-18T16:51:06","slug":"governador-rui-costa-e-presidente-dilma-cumprem-agenda-na-bahia-na-proxima-terca-22","status":"publish","type":"post","link":"https:\/\/www.r2cpress.com.br\/v1\/2015\/12\/18\/governador-rui-costa-e-presidente-dilma-cumprem-agenda-na-bahia-na-proxima-terca-22\/","title":{"rendered":"Governador Rui Costa e Presidente Dilma cumprem agenda na Bahia na pr\u00f3xima ter\u00e7a (22)"},"content":{"rendered":"<p>Na pr\u00f3xima ter\u00e7a-feira (22) o governador Rui Costa cumpre agenda ao lado da Presidente Dilma Rousseff. A partir das 8h30, em Campinas de Piraj\u00e1, na rua da Indon\u00e9sia, eles inauguram a Esta\u00e7\u00e3o Metrovi\u00e1ria de Piraj\u00e1. A obra teve investimento de R$61 milh\u00f5es.<\/p>\n<p>Em seguida, o governador Rui segue com a Presidente Dilma para o munic\u00edpio de Sim\u00f5es Filho. Na cidade vai ser entregue mais um empreendimento do programa Minha casa\/Minha. O Residencial das Palmeiras que contou com investimento de mais de R$53,7 milh\u00f5es, tem 840 unidades habitacionais. Ser\u00e3o entregues ainda os residenciais Sim\u00f5es Filho II com 300 unidades e o Fazenda Preto Velho tamb\u00e9m com 300 moradias. Os dois somam R$ 38,4 milh\u00f5es.<\/p>\n<p>Simultaneamente, com transmiss\u00e3o ao vivo, acontece em Cama\u00e7ari a entrega dos residenciais Alpha V e VI, or\u00e7ado no valor de R$ 38,4 milh\u00f5es e 600 casas. Tamb\u00e9m o Vivendas dos Cardeais e Andorinhas que possuem 504 unidades e investimento de R$ 32,2 milh\u00f5es. E ainda o Residencial Juazeiro etapa II, na cidade de Juazeiro, com 1000 unidades e investimento de R$60 milh\u00f5es. Os empreendimentos pertencem ao programa Minha Casa, Minha Vida. <\/p>\n","protected":false},"excerpt":{"rendered":"<p>Na pr\u00f3xima ter\u00e7a-feira (22) o governador Rui Costa cumpre agenda ao lado da Presidente Dilma Rousseff. A partir das 8h30, em Campinas de Piraj\u00e1, na rua da Indon\u00e9sia, eles inauguram a Esta\u00e7\u00e3o Metrovi\u00e1ria de Piraj\u00e1. A obra teve investimento de R$61 milh\u00f5es. Em seguida, o governador Rui segue com a Presidente Dilma para o munic\u00edpio [&hellip;]<\/p>\n","protected":false},"author":2,"featured_media":0,"comment_status":"open","ping_status":"open","sticky":false,"template":"","format":"standard","meta":{"_links_to":"","_links_to_target":""},"categories":[13,29],"tags":[],"_links":{"self":[{"href":"https:\/\/www.r2cpress.com.br\/v1\/wp-json\/wp\/v2\/posts\/98003"}],"collection":[{"href":"https:\/\/www.r2cpress.com.br\/v1\/wp-json\/wp\/v2\/posts"}],"about":[{"href":"https:\/\/www.r2cpress.com.br\/v1\/wp-json\/wp\/v2\/types\/post"}],"author":[{"embeddable":true,"href":"https:\/\/www.r2cpress.com.br\/v1\/wp-json\/wp\/v2\/users\/2"}],"replies":[{"embeddable":true,"href":"https:\/\/www.r2cpress.com.br\/v1\/wp-json\/wp\/v2\/comments?post=98003"}],"version-history":[{"count":1,"href":"https:\/\/www.r2cpress.com.br\/v1\/wp-json\/wp\/v2\/posts\/98003\/revisions"}],"predecessor-version":[{"id":98004,"href":"https:\/\/www.r2cpress.com.br\/v1\/wp-json\/wp\/v2\/posts\/98003\/revisions\/98004"}],"wp:attachment":[{"href":"https:\/\/www.r2cpress.com.br\/v1\/wp-json\/wp\/v2\/media?parent=98003"}],"wp:term":[{"taxonomy":"category","embeddable":true,"href":"https:\/\/www.r2cpress.com.br\/v1\/wp-json\/wp\/v2\/categories?post=98003"},{"taxonomy":"post_tag","embeddable":true,"href":"https:\/\/www.r2cpress.com.br\/v1\/wp-json\/wp\/v2\/tags?post=98003"}],"curies":[{"name":"wp","href":"https:\/\/api.w.org\/{rel}","templated":true}]}}