{"id":98018,"date":"2015-12-19T09:25:06","date_gmt":"2015-12-19T12:25:06","guid":{"rendered":"http:\/\/www.r2cpress.com.br\/v1\/?p=98018"},"modified":"2015-12-19T09:25:06","modified_gmt":"2015-12-19T12:25:06","slug":"policia-baiana-e-a-primeira-do-pais-a-bloquear-celulares-roubados","status":"publish","type":"post","link":"https:\/\/www.r2cpress.com.br\/v1\/2015\/12\/19\/policia-baiana-e-a-primeira-do-pais-a-bloquear-celulares-roubados\/","title":{"rendered":"Pol\u00edcia baiana \u00e9 a primeira do Pa\u00eds a bloquear celulares roubados"},"content":{"rendered":"<p id=\"story_title\">A Pol\u00edcia Civil da Bahia \u00e9 a primeira do Pa\u00eds a usar o Cadastro de Esta\u00e7\u00f5es M\u00f3veis Impedidas (Cemi), sistema da Associa\u00e7\u00e3o Brasileira de Recursos em Telecomunica\u00e7\u00f5es (ABR-Telecom) para bloquear aparelhos celulares, em caso de furtos e roubos. Um N\u00facleo de Esta\u00e7\u00f5es M\u00f3veis Impedidas (Nemi) para o bloqueio come\u00e7ou a funcionar, nesta sexta-feira (18), na sede do Departamento de Crimes Contra o Patrim\u00f4nio (DCCP), na Piedade, em Salvador.<\/p>\n<p>O n\u00facleo ter\u00e1 equipe treinada na ABR-Telecom, no Rio de Janeiro, para utilizar o Cemi. Na primeira fase, ser\u00e3o bloqueados aparelhos, sem vincula\u00e7\u00e3o com linhas telef\u00f4nicas, ainda n\u00e3o habilitados e oriundos de roubos de cargas ou assaltos em lojas de varejo. As ocorr\u00eancias poder\u00e3o ser registradas em qualquer delegacia da Bahia, e em seguida encaminhadas ao Nemi, que efetuar\u00e1 o bloqueio dos aparelhos.<\/p>\n<p>De acordo com o diretor do DCCP, delegado Mois\u00e9s Damasceno, um estudo realizado pela pol\u00edcia, a partir da observa\u00e7\u00e3o dos n\u00fameros de registros de ocorr\u00eancias envolvendo passageiros de \u00f4nibus, clientes em restaurantes e assaltos a grandes varejistas, permitiu perceber que o celular \u00e9 usado como principal moeda de troca e motivador da maioria dos crimes patrimoniais.<\/p>\n<p>&#8220;Esse dado levou a Seguran\u00e7a P\u00fablica a pensar estrat\u00e9gias para bloquear o aparelho e torn\u00e1-lo inutiliz\u00e1vel para o poss\u00edvel receptador&#8221;, explicou Damasceno. A Pol\u00edcia Civil de S\u00e3o Paulo iniciou as a\u00e7\u00f5es nesse sentido, solicitando o bloqueio \u00e0s operadoras, mas encontrou dificuldades na operacionaliza\u00e7\u00e3o.<\/p>\n<p>Inicialmente as operadoras exigiam o n\u00famero de Imei, uma sequ\u00eancia com 15 n\u00fameros, registrada no aparelho ou na embalagem, raramente guardada pela v\u00edtima. Al\u00e9m disso, as operadoras de telefonia n\u00e3o aceitavam bloquear aparelhos, que n\u00e3o estivessem vinculados a uma linha, como os celulares roubados em lojas e oriundos de roubos de cargas.<\/p>\n<p>Um grupo de trabalho, integrado pela Anatel, pol\u00edcias civis de v\u00e1rios estados, operadoras de telefonia, Pol\u00edcia Federal e ABR-Telecom, passou a discutir o acesso das pol\u00edcias judici\u00e1rias, diretamente ao Cemi, para cadastrar os bloqueios. S\u00e3o Paulo, Esp\u00edrito Santo e Mato Grosso tamb\u00e9m devem utilizar o Cemi.<br \/>\n<span id=\"ms-rterangepaste-end\"><\/span><\/p>\n","protected":false},"excerpt":{"rendered":"<p>A Pol\u00edcia Civil da Bahia \u00e9 a primeira do Pa\u00eds a usar o Cadastro de Esta\u00e7\u00f5es M\u00f3veis Impedidas (Cemi), sistema da Associa\u00e7\u00e3o Brasileira de Recursos em Telecomunica\u00e7\u00f5es (ABR-Telecom) para bloquear aparelhos celulares, em caso de furtos e roubos. Um N\u00facleo de Esta\u00e7\u00f5es M\u00f3veis Impedidas (Nemi) para o bloqueio come\u00e7ou a funcionar, nesta sexta-feira (18), na [&hellip;]<\/p>\n","protected":false},"author":2,"featured_media":0,"comment_status":"open","ping_status":"open","sticky":false,"template":"","format":"standard","meta":{"_links_to":"","_links_to_target":""},"categories":[29,25],"tags":[],"_links":{"self":[{"href":"https:\/\/www.r2cpress.com.br\/v1\/wp-json\/wp\/v2\/posts\/98018"}],"collection":[{"href":"https:\/\/www.r2cpress.com.br\/v1\/wp-json\/wp\/v2\/posts"}],"about":[{"href":"https:\/\/www.r2cpress.com.br\/v1\/wp-json\/wp\/v2\/types\/post"}],"author":[{"embeddable":true,"href":"https:\/\/www.r2cpress.com.br\/v1\/wp-json\/wp\/v2\/users\/2"}],"replies":[{"embeddable":true,"href":"https:\/\/www.r2cpress.com.br\/v1\/wp-json\/wp\/v2\/comments?post=98018"}],"version-history":[{"count":1,"href":"https:\/\/www.r2cpress.com.br\/v1\/wp-json\/wp\/v2\/posts\/98018\/revisions"}],"predecessor-version":[{"id":98019,"href":"https:\/\/www.r2cpress.com.br\/v1\/wp-json\/wp\/v2\/posts\/98018\/revisions\/98019"}],"wp:attachment":[{"href":"https:\/\/www.r2cpress.com.br\/v1\/wp-json\/wp\/v2\/media?parent=98018"}],"wp:term":[{"taxonomy":"category","embeddable":true,"href":"https:\/\/www.r2cpress.com.br\/v1\/wp-json\/wp\/v2\/categories?post=98018"},{"taxonomy":"post_tag","embeddable":true,"href":"https:\/\/www.r2cpress.com.br\/v1\/wp-json\/wp\/v2\/tags?post=98018"}],"curies":[{"name":"wp","href":"https:\/\/api.w.org\/{rel}","templated":true}]}}