{"id":98022,"date":"2015-12-19T13:15:26","date_gmt":"2015-12-19T16:15:26","guid":{"rendered":"http:\/\/www.r2cpress.com.br\/v1\/?p=98022"},"modified":"2015-12-19T13:15:26","modified_gmt":"2015-12-19T16:15:26","slug":"natal-na-praca-nota-de-gratidao","status":"publish","type":"post","link":"https:\/\/www.r2cpress.com.br\/v1\/2015\/12\/19\/natal-na-praca-nota-de-gratidao\/","title":{"rendered":"NATAL NA PRA\u00c7A: NOTA DE GRATID\u00c3O"},"content":{"rendered":"<p>A Par\u00f3quia S\u00e3o Jo\u00e3o Batista agradece \u00e0 Diocese de Ilh\u00e9us, \u00e0 todos os patrocinadores, colaboradores, parceiros, \u00e0 imprensa e \u00e0 comunidade pelo sucesso da nona edi\u00e7\u00e3o do &#8220;Natal na Pra\u00e7a&#8221;, realizado no Pontal, em Ilh\u00e9us. De acordo com a comiss\u00e3o organizadora, o evento atraiu um p\u00fablico total de 15 mil pessoas nas seis noites da programa\u00e7\u00e3o at\u00e9 a \u00faltima sexta-feira (18), al\u00e9m de 201 atendimentos gratuitos em a\u00e7\u00f5es de sa\u00fade realizados por meio da parceria com a Secretaria de Sa\u00fade do Munic\u00edpio.<\/p>\n<p>&#8220;O Natal na Pra\u00e7a teve sua principal finalidade evangelizadora cumprida que \u00e9 anunciar o verdadeiro sentido do Natal: Jesus Cristo, al\u00e9m de reunir as fam\u00edlias, oferecendo momentos de integra\u00e7\u00e3o, servi\u00e7os gratuitos e entretenimento para a comunidade&#8221;, destacou o P\u00e1roco Joelson Dias.<\/p>\n<p>A iniciativa, que trouxe o maior Pres\u00e9pio p\u00fablico de Ilh\u00e9us, integrou Celebra\u00e7\u00f5es Eucar\u00edsticas tamb\u00e9m presididas por Dom Mauro, Missas com Ben\u00e7\u00e3o dos alimentos, das crian\u00e7as e de A\u00e7\u00e3o de Gra\u00e7as, abertura do Ano da Miseric\u00f3rdia, apresenta\u00e7\u00e3o da Ben\u00e7\u00e3o do Papa Francisco pelo centen\u00e1rio da Par\u00f3quia, al\u00e9m de diversas apresenta\u00e7\u00f5es culturais, com teatro, m\u00fasica e dan\u00e7a.<\/p>\n<p>Em nome da Par\u00f3quia S\u00e3o Jo\u00e3o Batista o Pe. Joelson Dias agradece aos patrocinadores como a Pastoral do D\u00edzimo e a Prefeitura Municipal de Ilh\u00e9us, \u00e0s colabora\u00e7\u00f5es da Pizzaria Pinochio e P\u00e3o de A\u00e7\u00facar Delicatessen, \u00e0 parceria da Secretaria de Sa\u00fade do Munic\u00edpio, ao apoio da Secretaria de Cultura do Munic\u00edpio, \u00e0 69\u00aa Companhia Independente de Pol\u00edcia Militar da Zona Sul de Ilh\u00e9us, Setrans e \u00e0 Guarda Municipal pela seguran\u00e7a do evento.<\/p>\n<p>Os agradecimentos tamb\u00e9m se estendem \u00e0s Pastorais, grupos e artistas que colocaram seus dons \u00e0 servi\u00e7o gratuito para a comunidade, assim como \u00e0 imprensa comprometida com a informa\u00e7\u00e3o social e de qualidade, que ajudou na divulga\u00e7\u00e3o do evento, como o Blog Agravo, Gabriela FM no Programa Caf\u00e9 Cultural com Renatinho Bad Boy e apoio de N\u00e9o Bastos, \u00e0 Tv Santa Cruz, Di\u00e1rio de Ilh\u00e9us, <strong>R2CPRESS<\/strong>, O Tabuleiro, R\u00e1dio Conquista Fm, R\u00e1dio Santa Cruz com o apoio do Radialista Ciro Zatelle, Blog do Gusm\u00e3o e Blog o Sarrafo.<\/p>\n<p>&#8220;O anjo disse-lhes: N\u00e3o temais, eis que vos anuncio uma boa nova que ser\u00e1 alegria para todo o povo: \u00a0hoje vos nasceu na Cidade de Davi um Salvador, que \u00e9 o Cristo Senhor&#8221;. (Lucas 2:10-11).<\/p>\n","protected":false},"excerpt":{"rendered":"<p>A Par\u00f3quia S\u00e3o Jo\u00e3o Batista agradece \u00e0 Diocese de Ilh\u00e9us, \u00e0 todos os patrocinadores, colaboradores, parceiros, \u00e0 imprensa e \u00e0 comunidade pelo sucesso da nona edi\u00e7\u00e3o do &#8220;Natal na Pra\u00e7a&#8221;, realizado no Pontal, em Ilh\u00e9us. De acordo com a comiss\u00e3o organizadora, o evento atraiu um p\u00fablico total de 15 mil pessoas nas seis noites da [&hellip;]<\/p>\n","protected":false},"author":2,"featured_media":0,"comment_status":"open","ping_status":"open","sticky":false,"template":"","format":"standard","meta":{"_links_to":"","_links_to_target":""},"categories":[10,28],"tags":[],"_links":{"self":[{"href":"https:\/\/www.r2cpress.com.br\/v1\/wp-json\/wp\/v2\/posts\/98022"}],"collection":[{"href":"https:\/\/www.r2cpress.com.br\/v1\/wp-json\/wp\/v2\/posts"}],"about":[{"href":"https:\/\/www.r2cpress.com.br\/v1\/wp-json\/wp\/v2\/types\/post"}],"author":[{"embeddable":true,"href":"https:\/\/www.r2cpress.com.br\/v1\/wp-json\/wp\/v2\/users\/2"}],"replies":[{"embeddable":true,"href":"https:\/\/www.r2cpress.com.br\/v1\/wp-json\/wp\/v2\/comments?post=98022"}],"version-history":[{"count":2,"href":"https:\/\/www.r2cpress.com.br\/v1\/wp-json\/wp\/v2\/posts\/98022\/revisions"}],"predecessor-version":[{"id":98024,"href":"https:\/\/www.r2cpress.com.br\/v1\/wp-json\/wp\/v2\/posts\/98022\/revisions\/98024"}],"wp:attachment":[{"href":"https:\/\/www.r2cpress.com.br\/v1\/wp-json\/wp\/v2\/media?parent=98022"}],"wp:term":[{"taxonomy":"category","embeddable":true,"href":"https:\/\/www.r2cpress.com.br\/v1\/wp-json\/wp\/v2\/categories?post=98022"},{"taxonomy":"post_tag","embeddable":true,"href":"https:\/\/www.r2cpress.com.br\/v1\/wp-json\/wp\/v2\/tags?post=98022"}],"curies":[{"name":"wp","href":"https:\/\/api.w.org\/{rel}","templated":true}]}}