{"id":98058,"date":"2015-12-22T07:52:51","date_gmt":"2015-12-22T10:52:51","guid":{"rendered":"http:\/\/www.r2cpress.com.br\/v1\/?p=98058"},"modified":"2015-12-22T07:52:51","modified_gmt":"2015-12-22T10:52:51","slug":"governo-do-estado-empreende-acoes-para-fortalecer-a-pesca-na-bahia","status":"publish","type":"post","link":"https:\/\/www.r2cpress.com.br\/v1\/2015\/12\/22\/governo-do-estado-empreende-acoes-para-fortalecer-a-pesca-na-bahia\/","title":{"rendered":"Governo do Estado empreende a\u00e7\u00f5es para fortalecer a pesca na Bahia"},"content":{"rendered":"<div style=\"text-align: justify;\" align=\"center\">\u201cPesca, aquicultura e carcinicultura s\u00e3o cadeias priorit\u00e1rias para o governo do Estado, que tem o papel de estimular e estruturar essas atividades, tornando a Bahia autossuficiente na produ\u00e7\u00e3o de pescado, j\u00e1 que possui potencial e imensa extens\u00e3o litor\u00e2nea\u201d, ressaltou o secret\u00e1rio Estadual da Agricultura, Vitor Bonfim, durante a solenidade de posse da nova diretoria da Federa\u00e7\u00e3o dos Pescadores e Aquicultores do Estado da Bahia (Fepesba). Jos\u00e9 Carlos Rodrigues, mais conhecido com Z\u00e9 Carlos da pesca, transmitiu a presid\u00eancia para o sucessor, Raimundo Costa, antes vice-presidente da institui\u00e7\u00e3o, nesta segunda-feira (21), no Hotel Sol Bahia. A Bahia possui o maior litoral do Brasil, com 1.200 quil\u00f4metros de costa e 60 bilh\u00f5es de metros c\u00fabicos de \u00e1guas continentais aptas ao uso para produ\u00e7\u00e3o de pescado.<\/div>\n<div>\u00a0<a href=\"http:\/\/www.r2cpress.com.br\/v1\/wp-content\/uploads\/2015\/12\/0166-12212015-FAPESBA-SOLENIDADE-DE-POSSE-DIRETORIA_-FOTO-HECKEL-JUNIOR-71-992896829.jpg\"><img loading=\"lazy\" class=\"aligncenter size-full wp-image-98059\" src=\"http:\/\/www.r2cpress.com.br\/v1\/wp-content\/uploads\/2015\/12\/0166-12212015-FAPESBA-SOLENIDADE-DE-POSSE-DIRETORIA_-FOTO-HECKEL-JUNIOR-71-992896829.jpg\" alt=\" FAPESBA SOLENIDADE DE POSSE DIRETORIA_ FOTO - HECKEL JUNIOR (71) 992896829\" width=\"550\" height=\"367\" srcset=\"https:\/\/www.r2cpress.com.br\/v1\/wp-content\/uploads\/2015\/12\/0166-12212015-FAPESBA-SOLENIDADE-DE-POSSE-DIRETORIA_-FOTO-HECKEL-JUNIOR-71-992896829.jpg 550w, https:\/\/www.r2cpress.com.br\/v1\/wp-content\/uploads\/2015\/12\/0166-12212015-FAPESBA-SOLENIDADE-DE-POSSE-DIRETORIA_-FOTO-HECKEL-JUNIOR-71-992896829-300x200.jpg 300w\" sizes=\"(max-width: 550px) 100vw, 550px\" \/><\/a><\/div>\n<div>O secret\u00e1rio ressaltou que \u201co governo vem empreendendo a\u00e7\u00f5es de incentivo \u00e0 pesca, e uma delas ser\u00e1 concretizada em 2016, quando o governador Rui Costa vai assinar edital destinando R$ 20 milh\u00f5es para revitaliza\u00e7\u00e3o da cadeia da pesca\u201d. Outro instrumento implementado pelo governo, atrav\u00e9s da Bahia Pesca, empresa vinculada \u00e0 Secretaria da Agricultura (Seagri), \u00e9 o Centro Vocacional Tecnol\u00f3gico do Pescado (CVTT), constru\u00eddo na Fazenda Oruabo, em Santo Amaro. O objetivo do centro \u00e9 formar t\u00e9cnicos e empreendedores em pesca e aquicultura no Estado, transformando-os em multiplicadores de conhecimento. \u201cO CVTT possui um frigor\u00edfico com grande capacidade de armazenagem para prestar servi\u00e7os aos pescadores, inibindo inclusive a a\u00e7\u00e3o dos atravessadores. Essas a\u00e7\u00f5es buscam estruturar a produ\u00e7\u00e3o do pescado para suprir a necessidade do mercado interno, e impulsionar a exporta\u00e7\u00e3o\u201d, destacou o secret\u00e1rio.<\/div>\n<div><\/div>\n<div>O presidente da Bahia Pesca, Dernival Oliveira J\u00fanior, chama aten\u00e7\u00e3o para import\u00e2ncia de unir esfor\u00e7os para fomentar a pesca na Bahia. \u201cA Bahia Pesca est\u00e1 \u00e0 disposi\u00e7\u00e3o da Fepesba, para execu\u00e7\u00e3o de trabalho conjunto. Este edital de revitaliza\u00e7\u00e3o da cadeia da pesca, por exemplo, \u00e9 um dos resultados fruto de uma a\u00e7\u00e3o transversal, que envolve, al\u00e9m da Bahia Pesca, a Secretaria de Desenvolvimento Rural (SDR) e a Companhia de Desenvolvimento e A\u00e7\u00e3o Regional\u201d, disse.<\/div>\n<div><\/div>\n<div>O cosumo de pescado pelos baianos, de 10 a 11 quilos por pessoa ao ano, est\u00e1 acima da m\u00e9dia nacional, e apesar do enorme potencial do Estado para a pesca e aquicultura, a produ\u00e7\u00e3o n\u00e3o consegue suprir a demanda do mercado interno. Mais de 60 mil toneladas de pescado v\u00eam de fora, de estados como Santa Catarina, Par\u00e1, S\u00e3o Paulo, e at\u00e9 mesmo de outros pa\u00edses, a exemplo de Chile e Vietn\u00e3.<\/div>\n<div><\/div>\n<div>\u201cO pescador \u00e9 um produtor de alimento, e deve ser respeitado como tal. J\u00e1 obtivemos grandes avan\u00e7os no setor e o desafio de valorizar esses profissionais continua. Flexibilizar o acesso ao cr\u00e9dito, negocia\u00e7\u00e3o de d\u00edvidas, parceria com as prefeituras e \u00f3rg\u00e3os das esferas estadual e federal s\u00e3o algumas de nossas metas para fomentar a pesca e a aquicultura no Estado\u201d, finalizou o presidente empossado da Fepesba, Raimundo Costa.<\/div>\n<div><\/div>\n","protected":false},"excerpt":{"rendered":"<p>\u201cPesca, aquicultura e carcinicultura s\u00e3o cadeias priorit\u00e1rias para o governo do Estado, que tem o papel de estimular e estruturar essas atividades, tornando a Bahia autossuficiente na produ\u00e7\u00e3o de pescado, j\u00e1 que possui potencial e imensa extens\u00e3o litor\u00e2nea\u201d, ressaltou o secret\u00e1rio Estadual da Agricultura, Vitor Bonfim, durante a solenidade de posse da nova diretoria da [&hellip;]<\/p>\n","protected":false},"author":2,"featured_media":0,"comment_status":"open","ping_status":"open","sticky":false,"template":"","format":"standard","meta":{"_links_to":"","_links_to_target":""},"categories":[3,29],"tags":[],"_links":{"self":[{"href":"https:\/\/www.r2cpress.com.br\/v1\/wp-json\/wp\/v2\/posts\/98058"}],"collection":[{"href":"https:\/\/www.r2cpress.com.br\/v1\/wp-json\/wp\/v2\/posts"}],"about":[{"href":"https:\/\/www.r2cpress.com.br\/v1\/wp-json\/wp\/v2\/types\/post"}],"author":[{"embeddable":true,"href":"https:\/\/www.r2cpress.com.br\/v1\/wp-json\/wp\/v2\/users\/2"}],"replies":[{"embeddable":true,"href":"https:\/\/www.r2cpress.com.br\/v1\/wp-json\/wp\/v2\/comments?post=98058"}],"version-history":[{"count":1,"href":"https:\/\/www.r2cpress.com.br\/v1\/wp-json\/wp\/v2\/posts\/98058\/revisions"}],"predecessor-version":[{"id":98060,"href":"https:\/\/www.r2cpress.com.br\/v1\/wp-json\/wp\/v2\/posts\/98058\/revisions\/98060"}],"wp:attachment":[{"href":"https:\/\/www.r2cpress.com.br\/v1\/wp-json\/wp\/v2\/media?parent=98058"}],"wp:term":[{"taxonomy":"category","embeddable":true,"href":"https:\/\/www.r2cpress.com.br\/v1\/wp-json\/wp\/v2\/categories?post=98058"},{"taxonomy":"post_tag","embeddable":true,"href":"https:\/\/www.r2cpress.com.br\/v1\/wp-json\/wp\/v2\/tags?post=98058"}],"curies":[{"name":"wp","href":"https:\/\/api.w.org\/{rel}","templated":true}]}}