{"id":98061,"date":"2015-12-22T08:55:12","date_gmt":"2015-12-22T11:55:12","guid":{"rendered":"http:\/\/www.r2cpress.com.br\/v1\/?p=98061"},"modified":"2015-12-22T08:55:12","modified_gmt":"2015-12-22T11:55:12","slug":"primeira-noite-de-corais-encanta-publico-em-ilheus","status":"publish","type":"post","link":"https:\/\/www.r2cpress.com.br\/v1\/2015\/12\/22\/primeira-noite-de-corais-encanta-publico-em-ilheus\/","title":{"rendered":"Primeira noite de corais encanta p\u00fablico em Ilh\u00e9us"},"content":{"rendered":"<p><em>Se apresentam, nesta segunda, 21, <\/em><em>a partir das 17h30min, os corais das Escolas Nucleadas de Ilh\u00e9us, Dom Eduardo, Universidade Estadual de Santa Cruz e Apost\u00f3lica P\u00e3o da Vida<\/em><\/p>\n<div id=\"attachment_98062\" style=\"width: 610px\" class=\"wp-caption aligncenter\"><a href=\"http:\/\/www.r2cpress.com.br\/v1\/wp-content\/uploads\/2015\/12\/Cantata-de-Natal-encantou-p\u00fablico-em-seu-primeiro-dia-neste-domingo-em-Ilh\u00e9us-foto-Gidelzo-Silva-Secom-Ilh\u00e9us-1.jpg\"><img aria-describedby=\"caption-attachment-98062\" loading=\"lazy\" class=\"size-full wp-image-98062\" src=\"http:\/\/www.r2cpress.com.br\/v1\/wp-content\/uploads\/2015\/12\/Cantata-de-Natal-encantou-p\u00fablico-em-seu-primeiro-dia-neste-domingo-em-Ilh\u00e9us-foto-Gidelzo-Silva-Secom-Ilh\u00e9us-1.jpg\" alt=\"Cantata de Natal encantou p\u00fablico em seu primeiro dia, neste domingo, em Ilh\u00e9us-foto Gidelzo Silva Secom Ilh\u00e9us (1)\" width=\"600\" height=\"394\" srcset=\"https:\/\/www.r2cpress.com.br\/v1\/wp-content\/uploads\/2015\/12\/Cantata-de-Natal-encantou-p\u00fablico-em-seu-primeiro-dia-neste-domingo-em-Ilh\u00e9us-foto-Gidelzo-Silva-Secom-Ilh\u00e9us-1.jpg 600w, https:\/\/www.r2cpress.com.br\/v1\/wp-content\/uploads\/2015\/12\/Cantata-de-Natal-encantou-p\u00fablico-em-seu-primeiro-dia-neste-domingo-em-Ilh\u00e9us-foto-Gidelzo-Silva-Secom-Ilh\u00e9us-1-300x197.jpg 300w\" sizes=\"(max-width: 600px) 100vw, 600px\" \/><\/a><p id=\"caption-attachment-98062\" class=\"wp-caption-text\">Cantata de Natal encantou p\u00fablico em seu primeiro dia, neste domingo, em Ilh\u00e9us-foto Gidelzo Silva Secom Ilh\u00e9us (1)<\/p><\/div>\n<p>&#8220;Uma noite m\u00e1gica&#8221;, foi assim que a administradora de empresas Sandra Mota, ilheense de 31 anos, definiu as primeiras apresenta\u00e7\u00f5es de corais realizadas na noite deste domingo, 20, na escadaria do Pal\u00e1cio Paranagu\u00e1. O encanto ficou por conta dos grupos da\u00a0Primeira Igreja Batista (PIB) e da Funda\u00e7\u00e3o F\u00e9 e Alegria.<\/p>\n<p>Com o com\u00e9rcio funcionando em hor\u00e1rio especial, quem saiu de casa para comprar acabou aproveitando para assistir \u00e0s apresenta\u00e7\u00f5es. &#8220;Tudo muito lindo com os corais, n\u00e3o tem como passar por aqui e n\u00e3o parar para ver&#8221;, contou a professora Ana Cl\u00e1udia Bastos, que mora na Sapetinga, zona sul.<\/p>\n<p>Segundo o secret\u00e1rio de Ind\u00fastria e Com\u00e9rcio de Ilh\u00e9us, Roberto Garcia, a combina\u00e7\u00e3o das cantatas com o com\u00e9rcio abrindo \u00e0 noite nesta \u00e9poca do ano resulta em mais gente circulando pelo centro da cidade, o que contribui para as vendas, assim como para a atra\u00e7\u00e3o de p\u00fablico \u00e0s apresenta\u00e7\u00f5es natalinas.<\/p>\n<p><strong>Agenda &#8211;<\/strong>As apresenta\u00e7\u00f5es, sempre na escadaria do Pal\u00e1cio, ter\u00e3o continuidade nesta segunda-feira, 21, a partir das 17h30min, com os corais das Escolas Nucleadas de Ilh\u00e9us, Dom Eduardo, Universidade Estadual de Santa Cruz e Apost\u00f3lica P\u00e3o da Vida.<\/p>\n<p>Na sequ\u00eancia, dia 22 (ter\u00e7a-feira), tamb\u00e9m a partir das 17h30min, o p\u00fablico poder\u00e1 apreciar as performances musicais dos corais da Escola Municipal Heitor Dias e da Associa\u00e7\u00e3o dos Pr\u00e9-Idosos do Sul da Bahia (Aprisul). Fechando a s\u00e9rie de apresenta\u00e7\u00f5es de 2016, no dia 23 (quarta-feira), a partir das 18h, o espet\u00e1culo nas escadarias do Pal\u00e1cio Paranagu\u00e1 ficar\u00e1 por conta da Banda Natalina e de performance do Grupo de Teatro Maktub.<\/p>\n","protected":false},"excerpt":{"rendered":"<p>Se apresentam, nesta segunda, 21, a partir das 17h30min, os corais das Escolas Nucleadas de Ilh\u00e9us, Dom Eduardo, Universidade Estadual de Santa Cruz e Apost\u00f3lica P\u00e3o da Vida &#8220;Uma noite m\u00e1gica&#8221;, foi assim que a administradora de empresas Sandra Mota, ilheense de 31 anos, definiu as primeiras apresenta\u00e7\u00f5es de corais realizadas na noite deste domingo, [&hellip;]<\/p>\n","protected":false},"author":2,"featured_media":0,"comment_status":"open","ping_status":"open","sticky":false,"template":"","format":"standard","meta":{"_links_to":"","_links_to_target":""},"categories":[5,23],"tags":[],"_links":{"self":[{"href":"https:\/\/www.r2cpress.com.br\/v1\/wp-json\/wp\/v2\/posts\/98061"}],"collection":[{"href":"https:\/\/www.r2cpress.com.br\/v1\/wp-json\/wp\/v2\/posts"}],"about":[{"href":"https:\/\/www.r2cpress.com.br\/v1\/wp-json\/wp\/v2\/types\/post"}],"author":[{"embeddable":true,"href":"https:\/\/www.r2cpress.com.br\/v1\/wp-json\/wp\/v2\/users\/2"}],"replies":[{"embeddable":true,"href":"https:\/\/www.r2cpress.com.br\/v1\/wp-json\/wp\/v2\/comments?post=98061"}],"version-history":[{"count":1,"href":"https:\/\/www.r2cpress.com.br\/v1\/wp-json\/wp\/v2\/posts\/98061\/revisions"}],"predecessor-version":[{"id":98063,"href":"https:\/\/www.r2cpress.com.br\/v1\/wp-json\/wp\/v2\/posts\/98061\/revisions\/98063"}],"wp:attachment":[{"href":"https:\/\/www.r2cpress.com.br\/v1\/wp-json\/wp\/v2\/media?parent=98061"}],"wp:term":[{"taxonomy":"category","embeddable":true,"href":"https:\/\/www.r2cpress.com.br\/v1\/wp-json\/wp\/v2\/categories?post=98061"},{"taxonomy":"post_tag","embeddable":true,"href":"https:\/\/www.r2cpress.com.br\/v1\/wp-json\/wp\/v2\/tags?post=98061"}],"curies":[{"name":"wp","href":"https:\/\/api.w.org\/{rel}","templated":true}]}}