{"id":98069,"date":"2015-12-22T09:08:20","date_gmt":"2015-12-22T12:08:20","guid":{"rendered":"http:\/\/www.r2cpress.com.br\/v1\/?p=98069"},"modified":"2015-12-22T09:08:20","modified_gmt":"2015-12-22T12:08:20","slug":"aos-108-anos-palacio-paranagua-sera-transformado-em-museu-da-capitania-de-ilheus","status":"publish","type":"post","link":"https:\/\/www.r2cpress.com.br\/v1\/2015\/12\/22\/aos-108-anos-palacio-paranagua-sera-transformado-em-museu-da-capitania-de-ilheus\/","title":{"rendered":"Aos 108 anos, Pal\u00e1cio Paranagu\u00e1 ser\u00e1 transformado em Museu da Capitania de Ilh\u00e9us"},"content":{"rendered":"<p><em>Com a transfer\u00eancia da sede administrativa da Prefeitura para o bairro da Conquista, a proposta do prefeito Jabes Ribeiro \u00e9 transformar o Pal\u00e1cio em Museu da Capitania de Ilh\u00e9us.<\/em><\/p>\n<div id=\"attachment_98070\" style=\"width: 610px\" class=\"wp-caption aligncenter\"><a href=\"http:\/\/www.r2cpress.com.br\/v1\/wp-content\/uploads\/2015\/12\/Pal\u00e1cio-Paranagu\u00e1-mant\u00e9m-pe\u00e7as-do-tempo-\u00e1ureo-do-cacau-e-ser\u00e1-transformado-em-museu-pra-preservar-a-hist\u00f3ria-e-mem\u00f3ria-da-popula\u00e7\u00e3o-ilheense-Foto-Alfredo-Filho-Secom-Ilh\u00e9us-3.jpg\"><img aria-describedby=\"caption-attachment-98070\" loading=\"lazy\" class=\"size-full wp-image-98070\" src=\"http:\/\/www.r2cpress.com.br\/v1\/wp-content\/uploads\/2015\/12\/Pal\u00e1cio-Paranagu\u00e1-mant\u00e9m-pe\u00e7as-do-tempo-\u00e1ureo-do-cacau-e-ser\u00e1-transformado-em-museu-pra-preservar-a-hist\u00f3ria-e-mem\u00f3ria-da-popula\u00e7\u00e3o-ilheense-Foto-Alfredo-Filho-Secom-Ilh\u00e9us-3.jpg\" alt=\"Pal\u00e1cio Paranagu\u00e1 mant\u00e9m pe\u00e7as do tempo \u00e1ureo do cacau e ser\u00e1 transformado em museu, pra preservar a hist\u00f3ria e mem\u00f3ria da popula\u00e7\u00e3o ilheense- Foto Alfredo Filho Secom Ilh\u00e9us \" width=\"600\" height=\"450\" srcset=\"https:\/\/www.r2cpress.com.br\/v1\/wp-content\/uploads\/2015\/12\/Pal\u00e1cio-Paranagu\u00e1-mant\u00e9m-pe\u00e7as-do-tempo-\u00e1ureo-do-cacau-e-ser\u00e1-transformado-em-museu-pra-preservar-a-hist\u00f3ria-e-mem\u00f3ria-da-popula\u00e7\u00e3o-ilheense-Foto-Alfredo-Filho-Secom-Ilh\u00e9us-3.jpg 600w, https:\/\/www.r2cpress.com.br\/v1\/wp-content\/uploads\/2015\/12\/Pal\u00e1cio-Paranagu\u00e1-mant\u00e9m-pe\u00e7as-do-tempo-\u00e1ureo-do-cacau-e-ser\u00e1-transformado-em-museu-pra-preservar-a-hist\u00f3ria-e-mem\u00f3ria-da-popula\u00e7\u00e3o-ilheense-Foto-Alfredo-Filho-Secom-Ilh\u00e9us-3-300x225.jpg 300w\" sizes=\"(max-width: 600px) 100vw, 600px\" \/><\/a><p id=\"caption-attachment-98070\" class=\"wp-caption-text\">Pal\u00e1cio Paranagu\u00e1 mant\u00e9m pe\u00e7as do tempo \u00e1ureo do cacau e ser\u00e1 transformado em museu, pra preservar a hist\u00f3ria e mem\u00f3ria da popula\u00e7\u00e3o ilheense- Foto Alfredo Filho Secom Ilh\u00e9us<\/p><\/div>\n<p>&#8220;No m\u00eas em que completa 108 anos, nossa proposta \u00e9 transformar o Pal\u00e1cio Paranagu\u00e1, um dos grandes \u00edcones da hist\u00f3ria e arquitetura da cidade, no Museu da Capitania de Ilh\u00e9us&#8221;. A declara\u00e7\u00e3o foi reiterada pelo prefeito Jabes Ribeiro, que v\u00ea a necessidade de transformar o pr\u00e9dio em um equipamento de car\u00e1ter cultural e tur\u00edstico capaz de valorizar a hist\u00f3ria de Ilh\u00e9us, que j\u00e1completou 481 anos de funda\u00e7\u00e3o. O Pal\u00e1cio foi inaugurado em 22 de dezembro de 1907.<\/p>\n<p>Segundo o prefeito, \u00e9 fundamental que a cidade possua um equipamento dotado das condi\u00e7\u00f5es necess\u00e1rias para contar a saga ilheense de quase cinco s\u00e9culos de hist\u00f3ria. &#8220;Com isso, al\u00e9m de preservarmos o nosso passado e fortalecermos a nossa cultura, tamb\u00e9m estaremos criando uma alternativa tur\u00edstica extremamente valorizada em praticamente todo o mundo&#8221;, avalia.<\/p>\n<p><!--more--><\/p>\n<p>Para viabilizar essa proposta, o prefeito vai transferir a sede do Poder Executivo local para um novo pr\u00e9dio,localizado\u00e0 Avenida Brasil, no bairro Conquista, onde funcionou a antiga sede regional da Companhia de Eletricidade do Estado da Bahia (Coelba).A inaugura\u00e7\u00e3o acontecer\u00e1 nesta ter\u00e7a-feira, dia 22, \u00e0s 18 horas. Antes, \u00e0s 17 horas, ser\u00e1 descerrada uma placa no Pal\u00e1cio Paranagu\u00e1 que marcar\u00e1 o transcurso de seus 108 anos e a transforma\u00e7\u00e3o em Museu.<\/p>\n<p><strong>Hist\u00f3ria \u2013<\/strong>Conforme relata a professora e historiadora ilheenseMaria Luiza Heine, a pedra fundamental do edif\u00edcio Pal\u00e1cio Paranagu\u00e1 foi lan\u00e7ada em 20 de janeiro de 1898 pelo Tenente Coronel Domingos Adami de S\u00e1, no local onde existia a antiga casa dos jesu\u00edtas, cujas ru\u00ednas foram inteiramente demolidas. A inaugura\u00e7\u00e3o do pr\u00e9dio como sede da Intend\u00eancia Municipal se deu no dia 22 de dezembro de 1907, sob o comando do intendente Domingos Adami de S\u00e1.<\/p>\n<p>Segundo a historiadora, no site &#8220;Ilh\u00e9us&#8230;Com Amor!&#8221;, os trabalhos de pintura e decora\u00e7\u00e3o do Pal\u00e1cio foram realizados pelo artista italiano Oreste Sarcelli e a ilumina\u00e7\u00e3o pelos irm\u00e3os Vita. Localizado na Pra\u00e7a J.J. Seabra, o pr\u00e9dio ocupa a parte mais elevada da mesma, no centro hist\u00f3rico e comercial da cidade, possui quatro fachadas e uma \u00e1rea constru\u00edda de 1.060 metros quadrados.<\/p>\n<p>O Pal\u00e1cio Paranagu\u00e1 sofreu v\u00e1rias reformas ao longo dos seus quase108 anos de exist\u00eancia. Entre os anos de 1912 e 1916, o edif\u00edcio passou por uma grande obra durante o governo do intendente coronel Antonio Pessoa, incluindo coloca\u00e7\u00e3o de aparelhos sanit\u00e1rios e amplia\u00e7\u00e3o do mobili\u00e1rio. Em 1919, apesar do pouco tempo de constru\u00eddo, o espa\u00e7o j\u00e1 apresentava problemas estruturais, motivo pelo qual as reparti\u00e7\u00f5es municipais foram transferidas para o Grupo Escolar General Os\u00f3rio. Em 2 de julho de 1923, o pr\u00e9dio foi reformado e reaberto ao p\u00fablico pelo Intendente coronel Eust\u00e1quio de Souza Bastos. Na oportunidade, foram substitu\u00eddos os assoalhos por lajes de concreto e a cobertura primitiva por tr\u00eas telhados paralelos.<\/p>\n<p>Conforme o romancista e historiador Francisco Borges de Barros, o pr\u00e9dio do Pa\u00e7o Municipal foi constru\u00eddo no per\u00edodo de 1898 a 1907, em pleno florescimento da economia cacaueira. &#8220;Foi um dos edif\u00edcios p\u00fablicos do Estado mais luxuosos e melhor decorados e mobiliados \u00e0 \u00e9poca. No pavimento superior funcionavam a sala do Conselho eo Gabinete daIntend\u00eancia, al\u00e9m de secretaria, se\u00e7\u00e3o de engenharia, sal\u00e3o nobre com pintura mural e salas de audi\u00eancia&#8221;, informa Borges de Barros em sua obra &#8220;Mem\u00f3ria Sobre o Munic\u00edpio de Ilh\u00e9us&#8221; (1981). J\u00e1 no t\u00e9rreo estavam presentes as salas dos ju\u00edzes do c\u00edvel e do crime, posto m\u00e9dico, quartel e cadeia. Ainda segundo o mesmo autor, sua arquitetura parece ter sido inspirada no Pa\u00e7o dos Governadores, em Salvador, antes de sua \u00faltima reconstru\u00e7\u00e3o, em 1912.<\/p>\n<p><strong>Homenagem &#8211; <\/strong>O nome do pr\u00e9dio, Pal\u00e1cio Paranagu\u00e1, \u00e9 uma homenagem ao presidente da Prov\u00edncia da Bahia, Marqu\u00eas de Paranagu\u00e1, que, no dia 28 de junho de 1881, atrav\u00e9s da Lei Provincial n\u00ba 2.187, elevou a Vila de S\u00e3o Jorge dos Ilh\u00e9us \u00e0 categoria de cidade, permanecendo com o mesmo nome.Tombado pelo Instituto de Prote\u00e7\u00e3o ao Patrim\u00f4nio Art\u00edstico e Cultural da Bahia (IPAC), mesmo sendo ainda a sede administrativa do Poder Executivo Municipal, o Pal\u00e1cio Paranagu\u00e1 \u00e9 um dos atrativos tur\u00edsticos mais visitados no munic\u00edpio.<\/p>\n","protected":false},"excerpt":{"rendered":"<p>Com a transfer\u00eancia da sede administrativa da Prefeitura para o bairro da Conquista, a proposta do prefeito Jabes Ribeiro \u00e9 transformar o Pal\u00e1cio em Museu da Capitania de Ilh\u00e9us. &#8220;No m\u00eas em que completa 108 anos, nossa proposta \u00e9 transformar o Pal\u00e1cio Paranagu\u00e1, um dos grandes \u00edcones da hist\u00f3ria e arquitetura da cidade, no Museu [&hellip;]<\/p>\n","protected":false},"author":2,"featured_media":0,"comment_status":"open","ping_status":"open","sticky":false,"template":"","format":"standard","meta":{"_links_to":"","_links_to_target":""},"categories":[5,23],"tags":[],"_links":{"self":[{"href":"https:\/\/www.r2cpress.com.br\/v1\/wp-json\/wp\/v2\/posts\/98069"}],"collection":[{"href":"https:\/\/www.r2cpress.com.br\/v1\/wp-json\/wp\/v2\/posts"}],"about":[{"href":"https:\/\/www.r2cpress.com.br\/v1\/wp-json\/wp\/v2\/types\/post"}],"author":[{"embeddable":true,"href":"https:\/\/www.r2cpress.com.br\/v1\/wp-json\/wp\/v2\/users\/2"}],"replies":[{"embeddable":true,"href":"https:\/\/www.r2cpress.com.br\/v1\/wp-json\/wp\/v2\/comments?post=98069"}],"version-history":[{"count":1,"href":"https:\/\/www.r2cpress.com.br\/v1\/wp-json\/wp\/v2\/posts\/98069\/revisions"}],"predecessor-version":[{"id":98071,"href":"https:\/\/www.r2cpress.com.br\/v1\/wp-json\/wp\/v2\/posts\/98069\/revisions\/98071"}],"wp:attachment":[{"href":"https:\/\/www.r2cpress.com.br\/v1\/wp-json\/wp\/v2\/media?parent=98069"}],"wp:term":[{"taxonomy":"category","embeddable":true,"href":"https:\/\/www.r2cpress.com.br\/v1\/wp-json\/wp\/v2\/categories?post=98069"},{"taxonomy":"post_tag","embeddable":true,"href":"https:\/\/www.r2cpress.com.br\/v1\/wp-json\/wp\/v2\/tags?post=98069"}],"curies":[{"name":"wp","href":"https:\/\/api.w.org\/{rel}","templated":true}]}}