{"id":98074,"date":"2015-12-22T09:46:36","date_gmt":"2015-12-22T12:46:36","guid":{"rendered":"http:\/\/www.r2cpress.com.br\/v1\/?p=98074"},"modified":"2015-12-22T09:48:09","modified_gmt":"2015-12-22T12:48:09","slug":"sindicato-nacional-dos-aeronautas","status":"publish","type":"post","link":"https:\/\/www.r2cpress.com.br\/v1\/2015\/12\/22\/sindicato-nacional-dos-aeronautas\/","title":{"rendered":"Sindicato Nacional dos Aeronautas"},"content":{"rendered":"<h2 class=\"entry-title-page\" style=\"text-align: center;\"><span style=\"color: #000000;\">\u00a0Compromisso com a sociedade nas festas de fim de ano<\/span><\/h2>\n<h2 style=\"text-align: center;\"><span style=\"color: #000000;\"><strong>Nota ao p\u00fablico<\/strong><\/span><\/h2>\n<p>Em respeito a toda a sociedade, o SNA e a Fentac informam que se comprometem a n\u00e3o realizar nenhum tipo de movimento de greve de pilotos, comiss\u00e1rios de voo e aerovi\u00e1rios no per\u00edodo das festas de fim de ano, ainda que as negocia\u00e7\u00f5es para a renova\u00e7\u00e3o das conven\u00e7\u00f5es coletivas de trabalho das categorias, vencidas em 1\u00ba de dezembro, n\u00e3o tenham chegado a um termo que satisfa\u00e7a minimamente a necessidade b\u00e1sica de reposi\u00e7\u00e3o salarial dos trabalhadores.<\/p>\n<p>Ressaltamos que as negocia\u00e7\u00f5es com as empresas de avia\u00e7\u00e3o ser\u00e3o retomadas em janeiro e que a categoria espera uma proposta vi\u00e1vel para que uma paralisa\u00e7\u00e3o do setor n\u00e3o seja necess\u00e1ria, conforme direito assegurado pela lei 7783\/89 (Lei de Greve).<\/p>\n<p>Em nome dos aeronautas, o sindicato ressalta sua preocupa\u00e7\u00e3o e seu respeito com os passageiros, especialmente nesta \u00e9poca de maior demanda.<\/p>\n<p>A categoria conta com o apoio da sociedade e com a sensatez das empresas a\u00e9reas para que transtornos sejam evitados.<\/p>\n<p>Desejamos a todos bons voos, um feliz Natal e um excelente Ano Novo.<\/p>\n<p>Sindicato Nacional dos Aeronautas e Federa\u00e7\u00e3o Nacional dos Trabalhadores em Avia\u00e7\u00e3o Civil<\/p>\n","protected":false},"excerpt":{"rendered":"<p>\u00a0Compromisso com a sociedade nas festas de fim de ano Nota ao p\u00fablico Em respeito a toda a sociedade, o SNA e a Fentac informam que se comprometem a n\u00e3o realizar nenhum tipo de movimento de greve de pilotos, comiss\u00e1rios de voo e aerovi\u00e1rios no per\u00edodo das festas de fim de ano, ainda que as [&hellip;]<\/p>\n","protected":false},"author":2,"featured_media":0,"comment_status":"open","ping_status":"open","sticky":false,"template":"","format":"standard","meta":{"_links_to":"","_links_to_target":""},"categories":[13,18,1],"tags":[],"_links":{"self":[{"href":"https:\/\/www.r2cpress.com.br\/v1\/wp-json\/wp\/v2\/posts\/98074"}],"collection":[{"href":"https:\/\/www.r2cpress.com.br\/v1\/wp-json\/wp\/v2\/posts"}],"about":[{"href":"https:\/\/www.r2cpress.com.br\/v1\/wp-json\/wp\/v2\/types\/post"}],"author":[{"embeddable":true,"href":"https:\/\/www.r2cpress.com.br\/v1\/wp-json\/wp\/v2\/users\/2"}],"replies":[{"embeddable":true,"href":"https:\/\/www.r2cpress.com.br\/v1\/wp-json\/wp\/v2\/comments?post=98074"}],"version-history":[{"count":3,"href":"https:\/\/www.r2cpress.com.br\/v1\/wp-json\/wp\/v2\/posts\/98074\/revisions"}],"predecessor-version":[{"id":98077,"href":"https:\/\/www.r2cpress.com.br\/v1\/wp-json\/wp\/v2\/posts\/98074\/revisions\/98077"}],"wp:attachment":[{"href":"https:\/\/www.r2cpress.com.br\/v1\/wp-json\/wp\/v2\/media?parent=98074"}],"wp:term":[{"taxonomy":"category","embeddable":true,"href":"https:\/\/www.r2cpress.com.br\/v1\/wp-json\/wp\/v2\/categories?post=98074"},{"taxonomy":"post_tag","embeddable":true,"href":"https:\/\/www.r2cpress.com.br\/v1\/wp-json\/wp\/v2\/tags?post=98074"}],"curies":[{"name":"wp","href":"https:\/\/api.w.org\/{rel}","templated":true}]}}