{"id":98091,"date":"2015-12-22T18:57:58","date_gmt":"2015-12-22T21:57:58","guid":{"rendered":"http:\/\/www.r2cpress.com.br\/v1\/?p=98091"},"modified":"2015-12-22T18:57:58","modified_gmt":"2015-12-22T21:57:58","slug":"entidades-contempladas-assinarao-termo-de-compromisso-cultural-e-desenvolverao-atividades-em-84-municipios-dos-27-territorios","status":"publish","type":"post","link":"https:\/\/www.r2cpress.com.br\/v1\/2015\/12\/22\/entidades-contempladas-assinarao-termo-de-compromisso-cultural-e-desenvolverao-atividades-em-84-municipios-dos-27-territorios\/","title":{"rendered":"Entidades contempladas assinar\u00e3o Termo de Compromisso Cultural e desenvolver\u00e3o atividades em 84 munic\u00edpios dos 27 territ\u00f3rios"},"content":{"rendered":"<p>Um ato simb\u00f3lico, com a participa\u00e7\u00e3o de representantes da Comiss\u00e3o Estadual de Pontos de Cultura, do secret\u00e1rio de Cultura da Bahia, Jorge Portugal, e da representa\u00e7\u00e3o do Minist\u00e9rio da Cultura (MinC) na Bahia e Sergipe, marcou a convoca\u00e7\u00e3o de 126 novos Termos de Compromisso Cultural (TCC) de Pontos de Cultura na Bahia, nesta ter\u00e7a-feira (22), no Pal\u00e1cio Rio Branco. As novas entidades, localizadas em 84 munic\u00edpios baianos, receber\u00e3o R$ 60 mil por ano para desenvolver seu trabalho ao longo de tr\u00eas anos, representando um investimento total de R$ 22,68 milh\u00f5es, atrav\u00e9s de recursos do Minist\u00e9rio da Cultura e Governo da Bahia. <div id=\"attachment_98092\" style=\"width: 610px\" class=\"wp-caption aligncenter\"><a href=\"http:\/\/www.r2cpress.com.br\/v1\/wp-content\/uploads\/2015\/12\/Novos-Pontos-de-Cultura_Foto-Tacila-Mendes-C\u00f3pia.jpg\"><img aria-describedby=\"caption-attachment-98092\" loading=\"lazy\" src=\"http:\/\/www.r2cpress.com.br\/v1\/wp-content\/uploads\/2015\/12\/Novos-Pontos-de-Cultura_Foto-Tacila-Mendes-C\u00f3pia.jpg\" alt=\"By Tacila Mendes\" width=\"600\" height=\"432\" class=\"size-full wp-image-98092\" srcset=\"https:\/\/www.r2cpress.com.br\/v1\/wp-content\/uploads\/2015\/12\/Novos-Pontos-de-Cultura_Foto-Tacila-Mendes-C\u00f3pia.jpg 600w, https:\/\/www.r2cpress.com.br\/v1\/wp-content\/uploads\/2015\/12\/Novos-Pontos-de-Cultura_Foto-Tacila-Mendes-C\u00f3pia-300x216.jpg 300w\" sizes=\"(max-width: 600px) 100vw, 600px\" \/><\/a><p id=\"caption-attachment-98092\" class=\"wp-caption-text\">By Tacila Mendes<\/p><\/div> &#8220;Esse \u00e9 um momento de felicidade dupla: a reuni\u00e3o com os pontos de cultura foi uma das primeiras de nossa gest\u00e3o e ali assumimos o compromisso de assinar esse conv\u00eanio ainda este ano. Mesmo diante de todos os desafios de 2015, conseguimos cumprir esse importante compromisso. Meu desejo \u00e9 de que em 2016 estejamos juntos para desenvolver ainda mais essa pol\u00edtica de cidadania cultural&#8221;, afirmou Jorge Portugal.<\/p>\n<p><!--more--><\/p>\n<p>Os novos pontos somam-se aos 146 j\u00e1 existentes na Bahia, que totaliza agora 272 pontos de cultura nos 27 territ\u00f3rios de identidade do estado. Eles s\u00e3o uma a\u00e7\u00e3o priorit\u00e1ria da Pol\u00edtica estabelecida na Lei Cultura Viva, que se baseia na cria\u00e7\u00e3o de uma rede horizontal de articula\u00e7\u00e3o, recep\u00e7\u00e3o e dissemina\u00e7\u00e3o de iniciativas culturais. Criados para dar condi\u00e7\u00f5es de sustentabilidade a projetos e manifesta\u00e7\u00f5es culturais sem fins lucrativos que desenvolvem a\u00e7\u00f5es nas comunidades locais, tornaram-se refer\u00eancia mundial de pol\u00edtica cultural, sendo adotados em pa\u00edses como Argentina, Chile, Peru, Col\u00f4mbia e Costa Rica.<\/p>\n<p>&#8220;Lutamos muito por este momento e estamos trilhando um caminho de determina\u00e7\u00e3o pela cultura da Bahia. Por isso, hoje s\u00f3 tenho a agradecer&#8221;, disse Janete Lainha, representante do &#8220;Literatura de Cordel para Todos&#8221;, primeiro dos novos Pontos de Cultura a assinar o Termo de Compromisso Cultural. O fortalecimento do Cultura Viva e a realiza\u00e7\u00e3o da Teia, evento de di\u00e1logo para a rede de pontos de cultura, tamb\u00e9m foram destacados no encontro. &#8220;Essa articula\u00e7\u00e3o \u00e9 fundamental para a autonomia, o protagonismo e o empoderamento da sociedade civil&#8221;, afirmou Lula Dantas, representante da Comiss\u00e3o Estadual de Pontos de Cultura.<\/p>\n<p>O superintendente de Desenvolvimento Territorial da Cultura da SecultBA, Sandro Magalh\u00e3es, ressaltou a import\u00e2ncia da Lei Cultura Viva para o direito e o acesso \u00e0 cultura, com participa\u00e7\u00e3o social. &#8220;Atuamos em tr\u00eas frentes: a institucionaliza\u00e7\u00e3o da cultura, atrav\u00e9s da Diretoria de Territorializa\u00e7\u00e3o, os centros culturais na Bahia \u2013 que s\u00e3o 17 administrados pela Diretoria de Espa\u00e7os Culturais e estar\u00e3o \u00e0 disposi\u00e7\u00e3o dos pontos, e a Diretoria de Cidadania Cultural, carro-chefe do Cultura Viva. Na Bahia, ainda precisamos avan\u00e7ar muito, mas demos passos significativos, como a assinatura do aditivo no dia 17\/12, que permitiu ampliar o conv\u00eanio para fortalecer os pontos de cultura&#8221;, afirmou.<\/p>\n<p>Pontos de Cultura: Os Pontos de Cultura s\u00e3o entidades sem fins lucrativos, nas quais jovens e adultos desenvolvem e participam de atividades na \u00e1rea de produ\u00e7\u00e3o, gera\u00e7\u00e3o de renda e forma\u00e7\u00e3o cultural, em suas mais diversas linguagens, considerando a cultura do local onde vivem. S\u00e3o iniciativas desenvolvidas pela sociedade civil que, ap\u00f3s sele\u00e7\u00e3o por meio de edital p\u00fablico, firmam o TCC com a Secretaria de Cultura do Estado da Bahia (SecultBA) e o Minist\u00e9rio da Cultura (MinC) &#8211; atrav\u00e9s da Lei Cultura Viva, que completou 10 anos em 2014, e se tornam respons\u00e1veis por articular e impulsionar a\u00e7\u00f5es culturais que j\u00e1 existem nas comunidades. A Bahia foi o primeiro estado do pa\u00eds a lan\u00e7ar o edital de Pontos de Cultura, em 2007, e neste momento \u00e9 pioneira ao adequar o conv\u00eanio \u00e0 nova lei Cultura Viva, sendo o primeiro estado da federa\u00e7\u00e3o a assinar um Termo de Compromisso Cultural com as entidades selecionadas. As atividades s\u00e3o diversas e abarcam forma\u00e7\u00f5es e produ\u00e7\u00f5es em audiovisual, capoeira, teatro, m\u00fasica, leitura, artes pl\u00e1sticas, artesanato, culturas de matriz africana, identit\u00e1rias e de povos tradicionais, entre outras linguagens.<\/p>\n","protected":false},"excerpt":{"rendered":"<p>Um ato simb\u00f3lico, com a participa\u00e7\u00e3o de representantes da Comiss\u00e3o Estadual de Pontos de Cultura, do secret\u00e1rio de Cultura da Bahia, Jorge Portugal, e da representa\u00e7\u00e3o do Minist\u00e9rio da Cultura (MinC) na Bahia e Sergipe, marcou a convoca\u00e7\u00e3o de 126 novos Termos de Compromisso Cultural (TCC) de Pontos de Cultura na Bahia, nesta ter\u00e7a-feira (22), [&hellip;]<\/p>\n","protected":false},"author":2,"featured_media":0,"comment_status":"open","ping_status":"open","sticky":false,"template":"","format":"standard","meta":{"_links_to":"","_links_to_target":""},"categories":[5,29],"tags":[],"_links":{"self":[{"href":"https:\/\/www.r2cpress.com.br\/v1\/wp-json\/wp\/v2\/posts\/98091"}],"collection":[{"href":"https:\/\/www.r2cpress.com.br\/v1\/wp-json\/wp\/v2\/posts"}],"about":[{"href":"https:\/\/www.r2cpress.com.br\/v1\/wp-json\/wp\/v2\/types\/post"}],"author":[{"embeddable":true,"href":"https:\/\/www.r2cpress.com.br\/v1\/wp-json\/wp\/v2\/users\/2"}],"replies":[{"embeddable":true,"href":"https:\/\/www.r2cpress.com.br\/v1\/wp-json\/wp\/v2\/comments?post=98091"}],"version-history":[{"count":2,"href":"https:\/\/www.r2cpress.com.br\/v1\/wp-json\/wp\/v2\/posts\/98091\/revisions"}],"predecessor-version":[{"id":98094,"href":"https:\/\/www.r2cpress.com.br\/v1\/wp-json\/wp\/v2\/posts\/98091\/revisions\/98094"}],"wp:attachment":[{"href":"https:\/\/www.r2cpress.com.br\/v1\/wp-json\/wp\/v2\/media?parent=98091"}],"wp:term":[{"taxonomy":"category","embeddable":true,"href":"https:\/\/www.r2cpress.com.br\/v1\/wp-json\/wp\/v2\/categories?post=98091"},{"taxonomy":"post_tag","embeddable":true,"href":"https:\/\/www.r2cpress.com.br\/v1\/wp-json\/wp\/v2\/tags?post=98091"}],"curies":[{"name":"wp","href":"https:\/\/api.w.org\/{rel}","templated":true}]}}