{"id":98128,"date":"2015-12-23T10:27:05","date_gmt":"2015-12-23T13:27:05","guid":{"rendered":"http:\/\/www.r2cpress.com.br\/v1\/?p=98128"},"modified":"2015-12-23T10:27:05","modified_gmt":"2015-12-23T13:27:05","slug":"policia-militar-da-bahia-14","status":"publish","type":"post","link":"https:\/\/www.r2cpress.com.br\/v1\/2015\/12\/23\/policia-militar-da-bahia-14\/","title":{"rendered":"Pol\u00edcia Militar da Bahia"},"content":{"rendered":"<h2 style=\"text-align: center;\"><span style=\"color: #000000;\"><strong>Opera\u00e7\u00e3o Fim de Ano nas rodovias estaduais inicia amanh\u00e3<\/strong><\/span><\/h2>\n<p>A Pol\u00edcia Militar da Bahia, por meio do Batalh\u00e3o de Pol\u00edcia Rodovi\u00e1ria (BPRv) e das Companhias Independentes de Policiamento Rodovi\u00e1rio (1\u00aa CIPRv\/Itabuna, 2\u00aa CIPRv\/Brumado e 3\u00aa CIPRv\/Barreiras), inicia nesta quinta-feira (24) a Opera\u00e7\u00e3o Festas de Fim de Ano nas rodovias estaduais refor\u00e7ando o policiamento nos feriados prolongados Natal e Ano Novo at\u00e9 o dia 4 de janeiro.<\/p>\n<p>Diariamente 200 policiais militares intensificar\u00e3o, nos diversos postos de fiscaliza\u00e7\u00e3o e controle de tr\u00e2nsito nas rodovias baianas, o policiamento nas vias de acesso \u00e0s regi\u00f5es hist\u00f3ricas e litor\u00e2neas, al\u00e9m de abordarem com foco no enfrentamento ao tr\u00e1fico de drogas, de pessoas e porte de armas de fogo. Tamb\u00e9m ser\u00e3o empregadas as unidades especializadas em policiamento rodovi\u00e1rio para prevenir investidas contra institui\u00e7\u00f5es financeiras.<\/p>\n<p>Para evitar transtornos durante o feriado, a PM orienta o condutor a n\u00e3o combinar ingest\u00e3o de bebida alco\u00f3lica com dire\u00e7\u00e3o, efetuar a revis\u00e3o mec\u00e2nica no ve\u00edculo antes da partida, conferir a validade dos documentos de porte obrigat\u00f3rio, descansar antes de viagens prolongadas, usar o cinto de seguran\u00e7a em todos os assentos do ve\u00edculo e utilizar a cadeirinha em crian\u00e7as.<\/p>\n<h1 style=\"text-align: center;\"><span style=\"color: #ff0000;\"><strong>Aten\u00e7\u00e3o:<\/strong><\/span><\/h1>\n<p>Em decorr\u00eancia da incid\u00eancia de engarrafamentos, a PM orienta o condutor a redobrar a aten\u00e7\u00e3o ao trafegar nos trechos:<\/p>\n<p>BA-099\/Estrada do Coco (Bom Despacho &#8211; Nazar\u00e9 das Farinhas)<\/p>\n<p>BR-367 (Porto Seguro\/Santa Cruz de Cabr\u00e1lia)<\/p>\n<p>BA-001 (Porto Seguro\/Vale Verde\/Trancoso\/Cara\u00edva)<\/p>\n<p>BR-415 (Oliven\u00e7a\/Itabuna\/Ilh\u00e9us)<\/p>\n<p>BA-142 (Anag\u00e9\/Tanha\u00e7u\/Itua\u00e7u)<\/p>\n<p>BA-262 (Ibicu\u00ed\/Vit\u00f3ria da Conquista\/Anag\u00e9\/Brumado\/Uru\u00e7uca)<\/p>\n<p>BA-263 (Vit\u00f3ria da Conquista \u2013 Itamb\u00e9)<\/p>\n<p>BA-172 (Ibotirama\/Santa Maria da Vit\u00f3ria)<\/p>\n<p>BA-459 (Cerrad\u00e3o \u2013 Barreiras)<\/p>\n<p>As condi\u00e7\u00f5es de trafegabilidade nas rodovias encontram-se no site da Secretaria de Infraestrutura do Estado da Bahia:<a href=\"http:\/\/www.seinfra.ba.gov.br\/\">www.seinfra.ba.gov.br<\/a><\/p>\n","protected":false},"excerpt":{"rendered":"<p>Opera\u00e7\u00e3o Fim de Ano nas rodovias estaduais inicia amanh\u00e3 A Pol\u00edcia Militar da Bahia, por meio do Batalh\u00e3o de Pol\u00edcia Rodovi\u00e1ria (BPRv) e das Companhias Independentes de Policiamento Rodovi\u00e1rio (1\u00aa CIPRv\/Itabuna, 2\u00aa CIPRv\/Brumado e 3\u00aa CIPRv\/Barreiras), inicia nesta quinta-feira (24) a Opera\u00e7\u00e3o Festas de Fim de Ano nas rodovias estaduais refor\u00e7ando o policiamento nos feriados [&hellip;]<\/p>\n","protected":false},"author":2,"featured_media":0,"comment_status":"open","ping_status":"open","sticky":false,"template":"","format":"standard","meta":{"_links_to":"","_links_to_target":""},"categories":[25],"tags":[],"_links":{"self":[{"href":"https:\/\/www.r2cpress.com.br\/v1\/wp-json\/wp\/v2\/posts\/98128"}],"collection":[{"href":"https:\/\/www.r2cpress.com.br\/v1\/wp-json\/wp\/v2\/posts"}],"about":[{"href":"https:\/\/www.r2cpress.com.br\/v1\/wp-json\/wp\/v2\/types\/post"}],"author":[{"embeddable":true,"href":"https:\/\/www.r2cpress.com.br\/v1\/wp-json\/wp\/v2\/users\/2"}],"replies":[{"embeddable":true,"href":"https:\/\/www.r2cpress.com.br\/v1\/wp-json\/wp\/v2\/comments?post=98128"}],"version-history":[{"count":2,"href":"https:\/\/www.r2cpress.com.br\/v1\/wp-json\/wp\/v2\/posts\/98128\/revisions"}],"predecessor-version":[{"id":98130,"href":"https:\/\/www.r2cpress.com.br\/v1\/wp-json\/wp\/v2\/posts\/98128\/revisions\/98130"}],"wp:attachment":[{"href":"https:\/\/www.r2cpress.com.br\/v1\/wp-json\/wp\/v2\/media?parent=98128"}],"wp:term":[{"taxonomy":"category","embeddable":true,"href":"https:\/\/www.r2cpress.com.br\/v1\/wp-json\/wp\/v2\/categories?post=98128"},{"taxonomy":"post_tag","embeddable":true,"href":"https:\/\/www.r2cpress.com.br\/v1\/wp-json\/wp\/v2\/tags?post=98128"}],"curies":[{"name":"wp","href":"https:\/\/api.w.org\/{rel}","templated":true}]}}