{"id":98131,"date":"2015-12-23T10:36:04","date_gmt":"2015-12-23T13:36:04","guid":{"rendered":"http:\/\/www.r2cpress.com.br\/v1\/?p=98131"},"modified":"2015-12-23T10:36:04","modified_gmt":"2015-12-23T13:36:04","slug":"heckel-januario-em-haja-lava-jato","status":"publish","type":"post","link":"https:\/\/www.r2cpress.com.br\/v1\/2015\/12\/23\/heckel-januario-em-haja-lava-jato\/","title":{"rendered":"Heckel Janu\u00e1rio em: HAJA LAVA JATO"},"content":{"rendered":"<p><img loading=\"lazy\" class=\"alignleft\" src=\"http:\/\/www.r2cpress.com.br\/v1\/wp-content\/uploads\/HECKEL-NOVA.jpg\" alt=\"\" width=\"300\" height=\"129\" \/>Semana passada a Lava Jato indo al\u00e9m do limite temporal inicialmente previsto, atingiu o governo presidencial de 1997 e descobriu o manto \u201cacima de qualquer suspeita\u201d dos tucanos. \u00a0Tal investida me viria refor\u00e7ar a convic\u00e7\u00e3o que os partidos pol\u00edticos brasileiros s\u00e3o sem d\u00favida alguma farinha do mesmo saco. Vixe! Agora quero ver qual o representador partid\u00e1rio que se atrever\u00e1 a atirar a primeira pedra&#8230;<\/p>\n<p>Sobre essa quest\u00e3o de tempo, Ricardo Semler, empres\u00e1rio paulista, autor do livro \u201cVirando a Pr\u00f3pria Mesa\u201d e bra\u00e7o forte do tucanato, nove meses depois de deflagrada a referida opera\u00e7\u00e3o policial, em seu artigo \u201cNunca se Roubou T\u00e3o Pouco\u201d de novembro de 2014, ao analisar o esquema de propinas da Petrobras envolvendo empreiteiras e pol\u00edticos, j\u00e1 afirmava que essa arma\u00e7\u00e3o existia desde os anos 70.<\/p>\n<p>Se para o governo central o 2015 inteiro foi de terr\u00edvel digest\u00e3o, para seu principal opositor, o partido tucano, o finalzinho dele nunca foi t\u00e3o p\u00e9ssimo ao ter que engolir goela abaixo um card\u00e1pio indigesto e aparentemente n\u00e3o relacionado no banquete. E nem a sobremesa se salvara, pois, o prato de doce denominado \u201cmensal\u00e3o tucano\u201d, feito da condena\u00e7\u00e3o por mais de 20 anos de pris\u00e3o de um ex-governador mineiro, ex-presidente nacional da sigla, e um dos integrantes de sua comiss\u00e3o de frente, n\u00e3o estava na rela\u00e7\u00e3o.<\/p>\n<p><!--more--><\/p>\n<p>Tenho ouvido dizer por a\u00ed e por vezes que a Opera\u00e7\u00e3o Lava Jata \u00e9 uma grande p\u00e1gina na hist\u00f3ria do Brasil. Tamb\u00e9m que o pa\u00eds apesar dos pesares, do cr\u00edtico panorama \u2013e do inacab\u00e1vel disse me disse entre os poderes Legislativo e Executivo, parecendo terem perdido a capacidade do di\u00e1logo\u2013, as suas institui\u00e7\u00f5es est\u00e3o funcionando. Este representado ovaciona sem pestanejar a primeira afirma\u00e7\u00e3o; quanto a segunda, mesmo n\u00e3o sendo na mesma intensidade a todas, as aplaudo. \u00d3, n\u00e3o! No otimismo me passei. Excetuo duas: a C\u00e2mara dos Deputados &#8211; \u00a0Ave Maria! Risca, risca. A outra? Realmente n\u00e3o \u00e9 poss\u00edvel confiar na organiza\u00e7\u00e3o que a gente costuma chamar de partido pol\u00edtico! Sim, e que seria, claro, de suma import\u00e2ncia no projeto de uma na\u00e7\u00e3o progressista e desenvolvida.<\/p>\n<p>Que a pol\u00edtica \u00e9 feita de opini\u00f5es discordantes \u00e9 um fato, agora, pol\u00edticos exercer mandatos em fun\u00e7\u00e3o de seus pr\u00f3prios interesse, isso \u00e9 de lascar, \u00e9 impatri\u00f3tico ao extremo e pode fo&#8230; com o pa\u00eds. Deixo, ap\u00f3s breve conceito a respeito desta a\u00e7\u00e3o da Pol\u00edcia Federal, as palavras do ex-tenista Gustavo Kuerten, em recente homenagem recebida no Rio de Janeiro: <strong>&#8220;<\/strong>Na posi\u00e7\u00e3o que ocupo, eu conclamo os nossos representantes, a quem est\u00e1 no governo do pa\u00eds e todos do poder p\u00fablico e quem nos comanda que olhe para esta sala e se espelhe nesta sala (cheia de atletas). Sejam justos, honestos, brasileiros de verdade e esque\u00e7am partido, panelinha e lutem pelo Brasil. O nosso pa\u00eds merece isso<strong>\u201d<\/strong>, e que, sendo Kuerten um homem que no esporte j\u00e1 deu tantas gl\u00f3rias ao Brasil, qui\u00e7\u00e1 bom n\u00famero dos conclamados j\u00e1 tenha lido a mensagem. E que ela, evocando a \u00e9tica, a honestidade, o patriotismo, sirva para processar um efeito transformador nos nossos representantes p\u00f3s recesso parlamentar.<\/p>\n<p style=\"text-align: center;\"><strong>\u00a0Heckel Janu\u00e1rio<\/strong><\/p>\n","protected":false},"excerpt":{"rendered":"<p>Semana passada a Lava Jato indo al\u00e9m do limite temporal inicialmente previsto, atingiu o governo presidencial de 1997 e descobriu o manto \u201cacima de qualquer suspeita\u201d dos tucanos. \u00a0Tal investida me viria refor\u00e7ar a convic\u00e7\u00e3o que os partidos pol\u00edticos brasileiros s\u00e3o sem d\u00favida alguma farinha do mesmo saco. Vixe! Agora quero ver qual o representador [&hellip;]<\/p>\n","protected":false},"author":2,"featured_media":0,"comment_status":"open","ping_status":"open","sticky":false,"template":"","format":"standard","meta":{"_links_to":"","_links_to_target":""},"categories":[10],"tags":[],"_links":{"self":[{"href":"https:\/\/www.r2cpress.com.br\/v1\/wp-json\/wp\/v2\/posts\/98131"}],"collection":[{"href":"https:\/\/www.r2cpress.com.br\/v1\/wp-json\/wp\/v2\/posts"}],"about":[{"href":"https:\/\/www.r2cpress.com.br\/v1\/wp-json\/wp\/v2\/types\/post"}],"author":[{"embeddable":true,"href":"https:\/\/www.r2cpress.com.br\/v1\/wp-json\/wp\/v2\/users\/2"}],"replies":[{"embeddable":true,"href":"https:\/\/www.r2cpress.com.br\/v1\/wp-json\/wp\/v2\/comments?post=98131"}],"version-history":[{"count":2,"href":"https:\/\/www.r2cpress.com.br\/v1\/wp-json\/wp\/v2\/posts\/98131\/revisions"}],"predecessor-version":[{"id":98133,"href":"https:\/\/www.r2cpress.com.br\/v1\/wp-json\/wp\/v2\/posts\/98131\/revisions\/98133"}],"wp:attachment":[{"href":"https:\/\/www.r2cpress.com.br\/v1\/wp-json\/wp\/v2\/media?parent=98131"}],"wp:term":[{"taxonomy":"category","embeddable":true,"href":"https:\/\/www.r2cpress.com.br\/v1\/wp-json\/wp\/v2\/categories?post=98131"},{"taxonomy":"post_tag","embeddable":true,"href":"https:\/\/www.r2cpress.com.br\/v1\/wp-json\/wp\/v2\/tags?post=98131"}],"curies":[{"name":"wp","href":"https:\/\/api.w.org\/{rel}","templated":true}]}}