{"id":98147,"date":"2015-12-23T18:07:58","date_gmt":"2015-12-23T21:07:58","guid":{"rendered":"http:\/\/www.r2cpress.com.br\/v1\/?p=98147"},"modified":"2015-12-23T18:07:58","modified_gmt":"2015-12-23T21:07:58","slug":"secretario-vitor-bonfim-discute-com-mp-embargos-de-terras-no-oeste-estado","status":"publish","type":"post","link":"https:\/\/www.r2cpress.com.br\/v1\/2015\/12\/23\/secretario-vitor-bonfim-discute-com-mp-embargos-de-terras-no-oeste-estado\/","title":{"rendered":"Secret\u00e1rio Vitor Bonfim discute com MP embargos de terras no oeste Estado"},"content":{"rendered":"<div style=\"text-align: justify;\" align=\"center\">Visando manter o di\u00e1logo com o governo do Estado, referente \u00e0s propriedades embargadas pelo Ibama no oeste da Bahia, o secret\u00e1rio da Agricultura, Vitor Bonfim, esteve reunido nesta ter\u00e7a-feira (22), com o superintendente do Ibama na Bahia, C\u00e9lio Costa Pinto; o procurador da Rep\u00fablica, Pablo Coutinho Barreto; os promotores de Justi\u00e7a federais, Jo\u00e3o Paulo Lordelo e Paulo Roberto Sampaio, e estaduais, Cristina Seixas Gra\u00e7a e Luciana Khoury. Eles apontam para necessidade de revis\u00e3o do Decreto Estadual 15.682\/2014, que resulta na n\u00e3o exig\u00eancia de licenciamento ambiental para as atividades agropecu\u00e1rias, e pedem o apoio da Secretaria da Agricultura (Seagri) para encontrar caminhos legais e oferecer seguran\u00e7a jur\u00eddica para o setor produtivo, evitando a possibilidade de resolu\u00e7\u00e3o judicial. A falta do licenciamento pode gerar alguns problemas para o produtor, a exemplo da dificuldade na disponibiliza\u00e7\u00e3o de financiamentos, como avalia a promotora Luciana Khoury.<\/div>\n<div>\n<div id=\"attachment_98148\" style=\"width: 610px\" class=\"wp-caption aligncenter\"><a href=\"http:\/\/www.r2cpress.com.br\/v1\/wp-content\/uploads\/2015\/12\/0001-12222015-MINISTERIO-PUBLICO-REUNI\u00c3O_-FOTO-HECKEL-JUNIOR-71-992896829.jpg\"><img aria-describedby=\"caption-attachment-98148\" loading=\"lazy\" class=\"size-full wp-image-98148\" src=\"http:\/\/www.r2cpress.com.br\/v1\/wp-content\/uploads\/2015\/12\/0001-12222015-MINISTERIO-PUBLICO-REUNI\u00c3O_-FOTO-HECKEL-JUNIOR-71-992896829.jpg\" alt=\"MINISTERIO PUBLICO REUNI\u00c3O_ FOTO - HECKEL JUNIOR (71) 992896829\" width=\"600\" height=\"367\" srcset=\"https:\/\/www.r2cpress.com.br\/v1\/wp-content\/uploads\/2015\/12\/0001-12222015-MINISTERIO-PUBLICO-REUNI\u00c3O_-FOTO-HECKEL-JUNIOR-71-992896829.jpg 600w, https:\/\/www.r2cpress.com.br\/v1\/wp-content\/uploads\/2015\/12\/0001-12222015-MINISTERIO-PUBLICO-REUNI\u00c3O_-FOTO-HECKEL-JUNIOR-71-992896829-300x183.jpg 300w\" sizes=\"(max-width: 600px) 100vw, 600px\" \/><\/a><p id=\"caption-attachment-98148\" class=\"wp-caption-text\">MINISTERIO PUBLICO REUNI\u00c3O_ FOTO &#8211; HECKEL JUNIOR (71) 992896829<\/p><\/div>\n<\/div>\n<div>\u201cA atividade agropecu\u00e1ria \u00e9 o respons\u00e1vel por impulsionar o desenvolvimento socioecon\u00f4mico da regi\u00e3o oeste. A popula\u00e7\u00e3o de Luis Eduardo Magalh\u00e3es, por exemplo, cresceu de 15 mil no ano 2000, para 90 mil habitantes atualmente. Ent\u00e3o, precisamos, da melhor maneira para todas as partes envolvidas, encontrar solu\u00e7\u00f5es e continuar avan\u00e7ando, e n\u00e3o inviabilizar a produ\u00e7\u00e3o\u201d, destacou o secret\u00e1rio da Agricultura.<\/div>\n<div><\/div>\n<div>O procurador Pablo Coutinho Barreto, esclareceu que \u201co Ibama tem condi\u00e7\u00f5es de suspender os embargos, desde que o produtor se adeque\u00a0 \u00e0 legisla\u00e7\u00e3o ambiental, e a recupera\u00e7\u00e3o ambiental de compensa\u00e7\u00e3o proposta aconte\u00e7a\u201d. O Instituto Brasileiro do Meio Ambiente e dos Recursos Naturais Renov\u00e1veis (Ibama) exige tamb\u00e9m a licen\u00e7a ambiental, estadual ou municipal, das propriedades rurais, para que ocorra o desembargo. Os representantes do Minist\u00e9rio P\u00fablico (MP) e Ibama sugeriram a realiza\u00e7\u00e3o de reuni\u00e3o para ampliar as discuss\u00f5es envolvendo a Procuradoria Geral do Estado (PGE), a Casa Civil, e a Seagri, que ficou acordada para acontecer no in\u00edcio do m\u00eas de janeiro do ano que vem.<\/div>\n","protected":false},"excerpt":{"rendered":"<p>Visando manter o di\u00e1logo com o governo do Estado, referente \u00e0s propriedades embargadas pelo Ibama no oeste da Bahia, o secret\u00e1rio da Agricultura, Vitor Bonfim, esteve reunido nesta ter\u00e7a-feira (22), com o superintendente do Ibama na Bahia, C\u00e9lio Costa Pinto; o procurador da Rep\u00fablica, Pablo Coutinho Barreto; os promotores de Justi\u00e7a federais, Jo\u00e3o Paulo Lordelo [&hellip;]<\/p>\n","protected":false},"author":2,"featured_media":0,"comment_status":"open","ping_status":"open","sticky":false,"template":"","format":"standard","meta":{"_links_to":"","_links_to_target":""},"categories":[3,29],"tags":[],"_links":{"self":[{"href":"https:\/\/www.r2cpress.com.br\/v1\/wp-json\/wp\/v2\/posts\/98147"}],"collection":[{"href":"https:\/\/www.r2cpress.com.br\/v1\/wp-json\/wp\/v2\/posts"}],"about":[{"href":"https:\/\/www.r2cpress.com.br\/v1\/wp-json\/wp\/v2\/types\/post"}],"author":[{"embeddable":true,"href":"https:\/\/www.r2cpress.com.br\/v1\/wp-json\/wp\/v2\/users\/2"}],"replies":[{"embeddable":true,"href":"https:\/\/www.r2cpress.com.br\/v1\/wp-json\/wp\/v2\/comments?post=98147"}],"version-history":[{"count":1,"href":"https:\/\/www.r2cpress.com.br\/v1\/wp-json\/wp\/v2\/posts\/98147\/revisions"}],"predecessor-version":[{"id":98149,"href":"https:\/\/www.r2cpress.com.br\/v1\/wp-json\/wp\/v2\/posts\/98147\/revisions\/98149"}],"wp:attachment":[{"href":"https:\/\/www.r2cpress.com.br\/v1\/wp-json\/wp\/v2\/media?parent=98147"}],"wp:term":[{"taxonomy":"category","embeddable":true,"href":"https:\/\/www.r2cpress.com.br\/v1\/wp-json\/wp\/v2\/categories?post=98147"},{"taxonomy":"post_tag","embeddable":true,"href":"https:\/\/www.r2cpress.com.br\/v1\/wp-json\/wp\/v2\/tags?post=98147"}],"curies":[{"name":"wp","href":"https:\/\/api.w.org\/{rel}","templated":true}]}}