{"id":98166,"date":"2015-12-23T20:36:36","date_gmt":"2015-12-23T23:36:36","guid":{"rendered":"http:\/\/www.r2cpress.com.br\/v1\/?p=98166"},"modified":"2015-12-23T20:36:36","modified_gmt":"2015-12-23T23:36:36","slug":"abertura-das-portas-da-misericordia-na-diocese-de-ilheus","status":"publish","type":"post","link":"https:\/\/www.r2cpress.com.br\/v1\/2015\/12\/23\/abertura-das-portas-da-misericordia-na-diocese-de-ilheus\/","title":{"rendered":"Abertura das Portas da Miseric\u00f3rdia na Diocese de Ilh\u00e9us"},"content":{"rendered":"<h1 style=\"text-align: center;\"><span style=\"color: #000000;\"><strong>Catedral Diocesana de Ilh\u00e9us<\/strong><\/span><\/h1>\n<div id=\"attachment_98167\" style=\"width: 610px\" class=\"wp-caption aligncenter\"><a href=\"http:\/\/www.r2cpress.com.br\/v1\/wp-content\/uploads\/2015\/12\/Ano-Jubilar_Diocese-de-Ilh\u00e9us-2015_2016.jpg\"><img aria-describedby=\"caption-attachment-98167\" loading=\"lazy\" class=\"size-full wp-image-98167\" src=\"http:\/\/www.r2cpress.com.br\/v1\/wp-content\/uploads\/2015\/12\/Ano-Jubilar_Diocese-de-Ilh\u00e9us-2015_2016.jpg\" alt=\"Ano Jubilar_Diocese de Ilh\u00e9us 2015_2016\" width=\"600\" height=\"449\" srcset=\"https:\/\/www.r2cpress.com.br\/v1\/wp-content\/uploads\/2015\/12\/Ano-Jubilar_Diocese-de-Ilh\u00e9us-2015_2016.jpg 600w, https:\/\/www.r2cpress.com.br\/v1\/wp-content\/uploads\/2015\/12\/Ano-Jubilar_Diocese-de-Ilh\u00e9us-2015_2016-300x224.jpg 300w\" sizes=\"(max-width: 600px) 100vw, 600px\" \/><\/a><p id=\"caption-attachment-98167\" class=\"wp-caption-text\">Ano Jubilar_Diocese de Ilh\u00e9us 2015_2016<\/p><\/div>\n<p>Neste domingo, 13\/12, Fi\u00e9is oriundos de v\u00e1rias Cidades e Par\u00f3quias pertencentes a Diocese de Ilh\u00e9us, se encontraram na Igreja Matriz de S\u00e3o Jorge para a Abertura do Ano Jubilar da Miseric\u00f3rdia junto com o Bispo Diocesano, Padres, Di\u00e1conos Permanentes, Ministros Extraordin\u00e1rios da Palavra e da Eucaristia, Religiosos e Religiosas. \u00c0s 10h00 deu-se in\u00edcio do Rito de abertura com a sauda\u00e7\u00e3o e a mo\u00e7\u00e3o inicial, a proclama\u00e7\u00e3o da per\u00edcopa evang\u00e9lica e a leitura da parte inicial da Bula \u2018Misericordiae Vultus\u2019 \u00a0em seguida sa\u00edmos em prociss\u00e3o para a Catedral.<\/p>\n<p>Chegando \u00e0 Catedral Diocesana, o Bispo Dom Mauro, abriu a Porta da Miseric\u00f3rdia acompanhado dos mission\u00e1rios da Fazenda da Esperan\u00e7a. Depois se seguiu a Celebra\u00e7\u00e3o Eucar\u00edstica.<\/p>\n<p><strong>Ituber\u00e1 \u2013 Santu\u00e1rio Santo Andr\u00e9<\/strong><\/p>\n<p>Neste domingo, 20\/12, Fi\u00e9is oriundos das Cidades e Par\u00f3quias pertencentes ao Zonal Norte 1 da Diocese de Ilh\u00e9us, se encontraram no Santu\u00e1rio Santo Andr\u00e9 em Ituber\u00e1 para a Abertura do Ano Jubilar da Miseric\u00f3rdia junto com o Bispo Diocesano, os Padres: Wellington Selma; Marcos Batista, Thiago Barbosa, o Di\u00e1cono Permanente Eg\u00eddio e Tempor\u00e1rio Tiago Santos, Seminarista Mateus al\u00e9m de Ministros Extraordin\u00e1rios da Palavra, e da Eucaristia, Religiosos e Religiosas, Coroinhas.<\/p>\n<p>\u00c0s 10h00 deu-se in\u00edcio do Rito de abertura com a sauda\u00e7\u00e3o e a mo\u00e7\u00e3o inicial, a proclama\u00e7\u00e3o da per\u00edcopa evang\u00e9lica e a leitura da parte inicial da Bula \u2018Misericordiae Vultus\u2019 em seguida sa\u00edram em prociss\u00e3o para frente do Santu\u00e1rio onde o Bispo Dom Mauro, abriu a Porta da Miseric\u00f3rdia acompanhada por todos que se fizeram presentes durante o rito de antes da Prociss\u00e3o. em seguida foi iniciada a Celebra\u00e7\u00e3o Eucar\u00edstica.<\/p>\n<p><strong><em>Por Paulo Costa<\/em><\/strong><\/p>\n<p><strong><em>Assessoria de Comunica\u00e7\u00e3o da Diocese de Ilh\u00e9us<\/em><\/strong><\/p>\n","protected":false},"excerpt":{"rendered":"<p>Catedral Diocesana de Ilh\u00e9us Neste domingo, 13\/12, Fi\u00e9is oriundos de v\u00e1rias Cidades e Par\u00f3quias pertencentes a Diocese de Ilh\u00e9us, se encontraram na Igreja Matriz de S\u00e3o Jorge para a Abertura do Ano Jubilar da Miseric\u00f3rdia junto com o Bispo Diocesano, Padres, Di\u00e1conos Permanentes, Ministros Extraordin\u00e1rios da Palavra e da Eucaristia, Religiosos e Religiosas. \u00c0s 10h00 [&hellip;]<\/p>\n","protected":false},"author":2,"featured_media":0,"comment_status":"open","ping_status":"open","sticky":false,"template":"","format":"standard","meta":{"_links_to":"","_links_to_target":""},"categories":[14],"tags":[],"_links":{"self":[{"href":"https:\/\/www.r2cpress.com.br\/v1\/wp-json\/wp\/v2\/posts\/98166"}],"collection":[{"href":"https:\/\/www.r2cpress.com.br\/v1\/wp-json\/wp\/v2\/posts"}],"about":[{"href":"https:\/\/www.r2cpress.com.br\/v1\/wp-json\/wp\/v2\/types\/post"}],"author":[{"embeddable":true,"href":"https:\/\/www.r2cpress.com.br\/v1\/wp-json\/wp\/v2\/users\/2"}],"replies":[{"embeddable":true,"href":"https:\/\/www.r2cpress.com.br\/v1\/wp-json\/wp\/v2\/comments?post=98166"}],"version-history":[{"count":3,"href":"https:\/\/www.r2cpress.com.br\/v1\/wp-json\/wp\/v2\/posts\/98166\/revisions"}],"predecessor-version":[{"id":98170,"href":"https:\/\/www.r2cpress.com.br\/v1\/wp-json\/wp\/v2\/posts\/98166\/revisions\/98170"}],"wp:attachment":[{"href":"https:\/\/www.r2cpress.com.br\/v1\/wp-json\/wp\/v2\/media?parent=98166"}],"wp:term":[{"taxonomy":"category","embeddable":true,"href":"https:\/\/www.r2cpress.com.br\/v1\/wp-json\/wp\/v2\/categories?post=98166"},{"taxonomy":"post_tag","embeddable":true,"href":"https:\/\/www.r2cpress.com.br\/v1\/wp-json\/wp\/v2\/tags?post=98166"}],"curies":[{"name":"wp","href":"https:\/\/api.w.org\/{rel}","templated":true}]}}