{"id":98188,"date":"2015-12-24T13:16:54","date_gmt":"2015-12-24T16:16:54","guid":{"rendered":"http:\/\/www.r2cpress.com.br\/v1\/?p=98188"},"modified":"2015-12-24T13:16:54","modified_gmt":"2015-12-24T16:16:54","slug":"opus-dei-78","status":"publish","type":"post","link":"https:\/\/www.r2cpress.com.br\/v1\/2015\/12\/24\/opus-dei-78\/","title":{"rendered":"OPUS DEI"},"content":{"rendered":"<table border=\"0\" width=\"100%\" cellspacing=\"0\" cellpadding=\"0\" align=\"center\" bgcolor=\"#ffffff\">\n<tbody>\n<tr>\n<td valign=\"middle\" bgcolor=\"#efede7\" width=\"100%\" height=\"70\">\n<table border=\"0\" width=\"92%\" cellspacing=\"0\" cellpadding=\"0\" align=\"center\" bgcolor=\"#efede7\">\n<tbody>\n<tr>\n<td align=\"left\" valign=\"middle\" bgcolor=\"#efede7\" width=\"60%\"><a href=\"http:\/\/opusdei.us7.list-manage1.com\/track\/click?u=1af5d7b530cb590152589eba5&amp;id=0736f2d51e&amp;e=f88f8593e5\" target=\"_blank\" rel=\"noreferrer\"><img src=\"http:\/\/odnmedia.s3.amazonaws.com\/static\/images\/newsletter\/logo.gif\" alt=\"Opus Dei\" border=\"0\" \/><\/a><\/td>\n<td bgcolor=\"#efede7\" width=\"4%\"><\/td>\n<td align=\"right\" valign=\"middle\" bgcolor=\"#efede7\" width=\"36%\"><a href=\"http:\/\/opusdei.us7.list-manage.com\/track\/click?u=1af5d7b530cb590152589eba5&amp;id=24c6c85346&amp;e=f88f8593e5\" target=\"_blank\" rel=\"noreferrer\"><img src=\"http:\/\/odnmedia.s3.amazonaws.com\/static\/images\/newsletter\/youtube.gif\" alt=\"youtube\" border=\"0\" \/><\/a> <a href=\"http:\/\/opusdei.us7.list-manage.com\/track\/click?u=1af5d7b530cb590152589eba5&amp;id=6fb4b20b22&amp;e=f88f8593e5\" target=\"_blank\" rel=\"noreferrer\"><img src=\"http:\/\/odnmedia.s3.amazonaws.com\/static\/images\/newsletter\/flickr.gif\" alt=\"flickr\" border=\"0\" \/><\/a><\/td>\n<\/tr>\n<\/tbody>\n<\/table>\n<\/td>\n<\/tr>\n<tr>\n<td valign=\"top\" width=\"100%\">\n<table border=\"0\" width=\"92%\" cellspacing=\"0\" cellpadding=\"0\" align=\"center\">\n<tbody>\n<tr>\n<td valign=\"top\" width=\"100%\"><i>24 de Dezembro de 2015<\/i><\/td>\n<\/tr>\n<tr>\n<td height=\"29\"><\/td>\n<\/tr>\n<tr>\n<td valign=\"top\" width=\"100%\">\n<table border=\"0\" width=\"100%\" cellspacing=\"0\" cellpadding=\"0\">\n<tbody>\n<tr>\n<td align=\"right\" valign=\"top\" width=\"30%\"><a href=\"http:\/\/opusdei.us7.list-manage2.com\/track\/click?u=1af5d7b530cb590152589eba5&amp;id=3cb96f40cd&amp;e=f88f8593e5\" target=\"_blank\" rel=\"noreferrer\"><img alt=\"\" width=\"96\" border=\"0\" \/><\/a><\/td>\n<td width=\"4%\"><\/td>\n<td valign=\"top\" width=\"66%\">\n<table border=\"0\" width=\"100%\" cellspacing=\"0\" cellpadding=\"0\">\n<tbody>\n<tr>\n<td valign=\"top\"><a href=\"http:\/\/opusdei.us7.list-manage.com\/track\/click?u=1af5d7b530cb590152589eba5&amp;id=91a20bdc39&amp;e=f88f8593e5\" target=\"_blank\" rel=\"noreferrer\"><b>PRELADO<\/b><\/a><\/td>\n<\/tr>\n<tr>\n<td valign=\"top\"><a href=\"http:\/\/opusdei.us7.list-manage.com\/track\/click?u=1af5d7b530cb590152589eba5&amp;id=fdc3f7bc20&amp;e=f88f8593e5\" target=\"_blank\" rel=\"noreferrer\"><b>Natal 2015: v\u00eddeo do Prelado<\/b><\/a><\/td>\n<\/tr>\n<tr>\n<td valign=\"top\">&#8220;O Natal \u00e9 a entrega misericordiosa de Deus a toda a humanidade.&#8221;, palavras do Prelado do Opus Dei para este Natal no ano da miseric\u00f3rdia.<\/td>\n<\/tr>\n<\/tbody>\n<\/table>\n<\/td>\n<\/tr>\n<\/tbody>\n<\/table>\n<\/td>\n<\/tr>\n<tr>\n<td height=\"18\"><\/td>\n<\/tr>\n<tr>\n<td valign=\"top\" width=\"100%\">\n<table border=\"0\" width=\"100%\" cellspacing=\"0\" cellpadding=\"0\">\n<tbody>\n<tr>\n<td align=\"right\" valign=\"top\" width=\"30%\"><a href=\"http:\/\/opusdei.us7.list-manage.com\/track\/click?u=1af5d7b530cb590152589eba5&amp;id=4094bbe2c9&amp;e=f88f8593e5\" target=\"_blank\" rel=\"noreferrer\"><img src=\"http:\/\/odnmedia.s3.amazonaws.com\/image\/natal-2015_20151223143343540231.jpg\" alt=\"\" width=\"96\" border=\"0\" \/><\/a><\/td>\n<td width=\"4%\"><\/td>\n<td valign=\"top\" width=\"66%\">\n<table border=\"0\" width=\"100%\" cellspacing=\"0\" cellpadding=\"0\">\n<tbody>\n<tr>\n<td valign=\"top\"><a href=\"http:\/\/opusdei.us7.list-manage1.com\/track\/click?u=1af5d7b530cb590152589eba5&amp;id=a75ae035bb&amp;e=f88f8593e5\" target=\"_blank\" rel=\"noreferrer\"><b>NOT\u00cdCIAS<\/b><\/a><\/td>\n<\/tr>\n<tr>\n<td valign=\"top\"><a href=\"http:\/\/opusdei.us7.list-manage.com\/track\/click?u=1af5d7b530cb590152589eba5&amp;id=76e330eac5&amp;e=f88f8593e5\" target=\"_blank\" rel=\"noreferrer\"><b>O Natal de 2015, dia a dia<\/b><\/a><\/td>\n<\/tr>\n<tr>\n<td valign=\"top\">Reunimos diversos artigos, v\u00eddeos e audios, para cada dia do tempo de Natal. Para ajudar a n\u00e3o perder o rumo do essencial, elaboramos um pequeno calend\u00e1rio de Natal, com a sequ\u00eancia das festas que celebramos, com recursos para cada dia.<\/td>\n<\/tr>\n<\/tbody>\n<\/table>\n<\/td>\n<\/tr>\n<\/tbody>\n<\/table>\n<\/td>\n<\/tr>\n<tr>\n<td height=\"18\"><\/td>\n<\/tr>\n<tr>\n<td valign=\"top\" width=\"100%\">\n<table border=\"0\" width=\"100%\" cellspacing=\"0\" cellpadding=\"0\">\n<tbody>\n<tr>\n<td align=\"right\" valign=\"top\" width=\"30%\"><a href=\"http:\/\/opusdei.us7.list-manage2.com\/track\/click?u=1af5d7b530cb590152589eba5&amp;id=bb1e0dacb8&amp;e=f88f8593e5\" target=\"_blank\" rel=\"noreferrer\"><img src=\"http:\/\/odnmedia.s3.amazonaws.com\/image\/opusdei_amor_20151001172323588241.jpg\" alt=\"\" width=\"96\" border=\"0\" \/><\/a><\/td>\n<td width=\"4%\"><\/td>\n<td valign=\"top\" width=\"66%\">\n<table border=\"0\" width=\"100%\" cellspacing=\"0\" cellpadding=\"0\">\n<tbody>\n<tr>\n<td valign=\"top\"><a href=\"http:\/\/opusdei.us7.list-manage1.com\/track\/click?u=1af5d7b530cb590152589eba5&amp;id=f84a598386&amp;e=f88f8593e5\" target=\"_blank\" rel=\"noreferrer\"><b>AMOR HUMANO<\/b><\/a><\/td>\n<\/tr>\n<tr>\n<td valign=\"top\"><a href=\"http:\/\/opusdei.us7.list-manage.com\/track\/click?u=1af5d7b530cb590152589eba5&amp;id=967837aff9&amp;e=f88f8593e5\" target=\"_blank\" rel=\"noreferrer\"><b>O amor matrimonial, como projeto e tarefa comum<\/b><\/a><\/td>\n<\/tr>\n<tr>\n<td valign=\"top\">O segredo do amor \u00e9 querer que o outro seja feliz. Dessa forma, a rela\u00e7\u00e3o conjugal e a educa\u00e7\u00e3o dos filhos se edificam sobre a base s\u00f3lida da entrega. Novo editorial sobre o amor humano.<\/td>\n<\/tr>\n<\/tbody>\n<\/table>\n<\/td>\n<\/tr>\n<\/tbody>\n<\/table>\n<\/td>\n<\/tr>\n<tr>\n<td height=\"18\"><\/td>\n<\/tr>\n<tr>\n<td valign=\"top\" width=\"100%\">\n<table border=\"0\" width=\"100%\" cellspacing=\"0\" cellpadding=\"0\">\n<tbody>\n<tr>\n<td align=\"right\" valign=\"top\" width=\"30%\"><a href=\"http:\/\/opusdei.us7.list-manage.com\/track\/click?u=1af5d7b530cb590152589eba5&amp;id=9fc3b0be36&amp;e=f88f8593e5\" target=\"_blank\" rel=\"noreferrer\"><img src=\"http:\/\/odnmedia.s3.amazonaws.com\/image\/cover-web_20151218185004502415.jpg\" alt=\"\" width=\"96\" border=\"0\" \/><\/a><\/td>\n<td width=\"4%\"><\/td>\n<td valign=\"top\" width=\"66%\">\n<table border=\"0\" width=\"100%\" cellspacing=\"0\" cellpadding=\"0\">\n<tbody>\n<tr>\n<td valign=\"top\"><a href=\"http:\/\/opusdei.us7.list-manage2.com\/track\/click?u=1af5d7b530cb590152589eba5&amp;id=fb49dee8ef&amp;e=f88f8593e5\" target=\"_blank\" rel=\"noreferrer\"><b>PAPA<\/b><\/a><\/td>\n<\/tr>\n<tr>\n<td valign=\"top\"><a href=\"http:\/\/opusdei.us7.list-manage.com\/track\/click?u=1af5d7b530cb590152589eba5&amp;id=edecafd1c8&amp;e=f88f8593e5\" target=\"_blank\" rel=\"noreferrer\"><b>Livro eletr\u00f4nico gratuito: As Chaves do Ano da Miseric\u00f3rdia<\/b><\/a><\/td>\n<\/tr>\n<tr>\n<td valign=\"top\">O Jubileu Extraordin\u00e1rio da Miseric\u00f3rdia, convocado pelo Papa Francisco, come\u00e7ou no dia 8 de dezembro. O Escrit\u00f3rio de comunica\u00e7\u00e3o do Opus Dei editou um livro eletr\u00f4nico para ajudar a viver este ano santo.<\/td>\n<\/tr>\n<\/tbody>\n<\/table>\n<\/td>\n<\/tr>\n<\/tbody>\n<\/table>\n<\/td>\n<\/tr>\n<tr>\n<td height=\"18\"><\/td>\n<\/tr>\n<tr>\n<td valign=\"top\" width=\"100%\">\n<table border=\"0\" width=\"100%\" cellspacing=\"0\" cellpadding=\"0\">\n<tbody>\n<tr>\n<td align=\"right\" valign=\"top\" width=\"30%\"><a href=\"http:\/\/opusdei.us7.list-manage.com\/track\/click?u=1af5d7b530cb590152589eba5&amp;id=45e366fdb7&amp;e=f88f8593e5\" target=\"_blank\" rel=\"noreferrer\"><img src=\"http:\/\/odnmedia.s3.amazonaws.com\/image\/cover600x370_20151205073822924452.jpeg\" alt=\"\" width=\"96\" border=\"0\" \/><\/a><\/td>\n<td width=\"4%\"><\/td>\n<td valign=\"top\" width=\"66%\">\n<table border=\"0\" width=\"100%\" cellspacing=\"0\" cellpadding=\"0\">\n<tbody>\n<tr>\n<td valign=\"top\"><a href=\"http:\/\/opusdei.us7.list-manage.com\/track\/click?u=1af5d7b530cb590152589eba5&amp;id=5ec1912ff5&amp;e=f88f8593e5\" target=\"_blank\" rel=\"noreferrer\"><b>CARTAS PASTORAIS<\/b><\/a><\/td>\n<\/tr>\n<tr>\n<td valign=\"top\"><a href=\"http:\/\/opusdei.us7.list-manage.com\/track\/click?u=1af5d7b530cb590152589eba5&amp;id=1f77522335&amp;e=f88f8593e5\" target=\"_blank\" rel=\"noreferrer\"><b>Carta do Prelado por ocasi\u00e3o do Ano da miseric\u00f3rdia (em portugu\u00eas)<\/b><\/a><\/td>\n<\/tr>\n<tr>\n<td valign=\"top\">&#8220;Agrade\u00e7amos ao Santo Padre, com obras e com ora\u00e7\u00e3o, a convoca\u00e7\u00e3o deste jubileu especial, verdadeiro tempo de gra\u00e7a para a Igreja e para o mundo&#8221;.<\/td>\n<\/tr>\n<\/tbody>\n<\/table>\n<\/td>\n<\/tr>\n<\/tbody>\n<\/table>\n<\/td>\n<\/tr>\n<\/tbody>\n<\/table>\n<\/td>\n<\/tr>\n<\/tbody>\n<\/table>\n","protected":false},"excerpt":{"rendered":"<p>24 de Dezembro de 2015 PRELADO Natal 2015: v\u00eddeo do Prelado &#8220;O Natal \u00e9 a entrega misericordiosa de Deus a toda a humanidade.&#8221;, palavras do Prelado do Opus Dei para este Natal no ano da miseric\u00f3rdia. NOT\u00cdCIAS O Natal de 2015, dia a dia Reunimos diversos artigos, v\u00eddeos e audios, para cada dia do tempo [&hellip;]<\/p>\n","protected":false},"author":2,"featured_media":0,"comment_status":"open","ping_status":"open","sticky":false,"template":"","format":"standard","meta":{"_links_to":"","_links_to_target":""},"categories":[28],"tags":[],"_links":{"self":[{"href":"https:\/\/www.r2cpress.com.br\/v1\/wp-json\/wp\/v2\/posts\/98188"}],"collection":[{"href":"https:\/\/www.r2cpress.com.br\/v1\/wp-json\/wp\/v2\/posts"}],"about":[{"href":"https:\/\/www.r2cpress.com.br\/v1\/wp-json\/wp\/v2\/types\/post"}],"author":[{"embeddable":true,"href":"https:\/\/www.r2cpress.com.br\/v1\/wp-json\/wp\/v2\/users\/2"}],"replies":[{"embeddable":true,"href":"https:\/\/www.r2cpress.com.br\/v1\/wp-json\/wp\/v2\/comments?post=98188"}],"version-history":[{"count":1,"href":"https:\/\/www.r2cpress.com.br\/v1\/wp-json\/wp\/v2\/posts\/98188\/revisions"}],"predecessor-version":[{"id":98189,"href":"https:\/\/www.r2cpress.com.br\/v1\/wp-json\/wp\/v2\/posts\/98188\/revisions\/98189"}],"wp:attachment":[{"href":"https:\/\/www.r2cpress.com.br\/v1\/wp-json\/wp\/v2\/media?parent=98188"}],"wp:term":[{"taxonomy":"category","embeddable":true,"href":"https:\/\/www.r2cpress.com.br\/v1\/wp-json\/wp\/v2\/categories?post=98188"},{"taxonomy":"post_tag","embeddable":true,"href":"https:\/\/www.r2cpress.com.br\/v1\/wp-json\/wp\/v2\/tags?post=98188"}],"curies":[{"name":"wp","href":"https:\/\/api.w.org\/{rel}","templated":true}]}}