{"id":98227,"date":"2015-12-28T19:56:30","date_gmt":"2015-12-28T22:56:30","guid":{"rendered":"http:\/\/www.r2cpress.com.br\/v1\/?p=98227"},"modified":"2015-12-28T19:56:30","modified_gmt":"2015-12-28T22:56:30","slug":"reveillon-na-bahia-tem-esquema-especial-de-seguranca","status":"publish","type":"post","link":"https:\/\/www.r2cpress.com.br\/v1\/2015\/12\/28\/reveillon-na-bahia-tem-esquema-especial-de-seguranca\/","title":{"rendered":"R\u00e9veillon na Bahia tem esquema especial de seguran\u00e7a"},"content":{"rendered":"<p id=\"story_title\">Um esquema de seguran\u00e7a refor\u00e7ado vai garantir que milhares de turistas e baianos se divirtam nos cinco dias de shows que ser\u00e3o realizados no bairro do Com\u00e9rcio, em Salvador, durante as comemora\u00e7\u00f5es de fim de ano, bem como nas festas em cidades do interior. Pol\u00edcia Militar e Corpo de Bombeiros est\u00e3o prontos para atender \u00e0s poss\u00edveis ocorr\u00eancias com rapidez e efici\u00eancia em todo o estado.<\/p>\n<div id=\"attachment_98228\" style=\"width: 610px\" class=\"wp-caption aligncenter\"><a href=\"http:\/\/www.r2cpress.com.br\/v1\/wp-content\/uploads\/2015\/12\/Fotos-Carol-Garcia-GOVBA.jpg\"><img aria-describedby=\"caption-attachment-98228\" loading=\"lazy\" class=\"size-full wp-image-98228\" src=\"http:\/\/www.r2cpress.com.br\/v1\/wp-content\/uploads\/2015\/12\/Fotos-Carol-Garcia-GOVBA.jpg\" alt=\"Foto Carol Garcia GOVBA\" width=\"600\" height=\"400\" srcset=\"https:\/\/www.r2cpress.com.br\/v1\/wp-content\/uploads\/2015\/12\/Fotos-Carol-Garcia-GOVBA.jpg 600w, https:\/\/www.r2cpress.com.br\/v1\/wp-content\/uploads\/2015\/12\/Fotos-Carol-Garcia-GOVBA-300x200.jpg 300w\" sizes=\"(max-width: 600px) 100vw, 600px\" \/><\/a><p id=\"caption-attachment-98228\" class=\"wp-caption-text\">Foto Carol Garcia GOVBA<\/p><\/div>\n<div id=\"story_text\">\n<div align=\"justify\">Na capital, a partir desta segunda-feira (28), at\u00e9 o dia 1\u00ba de janeiro, grandes nomes da m\u00fasica baiana e brasileira se apresentar\u00e3o\u00a0na Pra\u00e7a Cairu,\u00a0\u00a0que est\u00e1 sendo monitorada com c\u00e2meras de alta defini\u00e7\u00e3o e longo alcance. Os equipamentos est\u00e3o instalados em uma plataforma elevada de observa\u00e7\u00e3o, situada em frente \u00e0 Igreja da Nossa Senhora da Concei\u00e7\u00e3o da Praia.<span class=\"Apple-converted-space\">\u00a0<\/span><\/p>\n<p>O porta-voz da Pol\u00edcia Militar, capit\u00e3o Bruno Ramos, disse que, no caso da pra\u00e7a, onde vai convergir um grande n\u00famero de pessoas, haver\u00e1 abordagens com detectores de metais em todos os pontos de entrada da festa, inclusive no Elevador Lacerda. &#8220;N\u00f3s tamb\u00e9m vamos atuar no entorno, com o Esquadr\u00e3o de Motociclistas \u00c1guia, a cavalaria e as opera\u00e7\u00f5es G\u00eameos e Apolo, para o combate de roubos a coletivos, a ve\u00edculos e nos estacionamentos&#8221;.<span class=\"Apple-converted-space\">\u00a0<\/span><\/div>\n<p><!--more--><br \/>\nO capit\u00e3o tamb\u00e9m destacou que a seguran\u00e7a ser\u00e1 intensificada nas esta\u00e7\u00f5es rodovi\u00e1rias, no aeroporto, nas esta\u00e7\u00f5es de turismo n\u00e1utico e nas estradas estaduais, com policiamento especializado e policiais bil\u00edngues, para que o cidad\u00e3o que vem curtir o R\u00e9veillon na Bahia se sinta prestigiado e seguro.<span class=\"Apple-converted-space\">\u00a0<\/span><\/p>\n<p>A funcion\u00e1ria p\u00fablica e turista pernambucana, Leda Amando, que veio a Salvador com mais quatro amigos para participar da festa, j\u00e1 estava na Pra\u00e7a Cairu na manh\u00e3 desta segunda-feira, dez horas antes dos shows come\u00e7arem, curtindo a passagem de som da banda do cantor Pablo. &#8220;Gostei muito. A expectativa \u00e9 a melhor poss\u00edvel, gosto muito de todas as atra\u00e7\u00f5es e, desde que cheguei, tenho visto policiais, postos, ve\u00edculos e equipamentos de seguran\u00e7a. Tudo perfeito&#8221;, elogiou.<span class=\"Apple-converted-space\">\u00a0<\/span><\/p>\n<p><strong>Corpo de Bombeiros<\/strong><\/p>\n<p>O Corpo de Bombeiros est\u00e1 preparado para todo tipo de a\u00e7\u00e3o, em terra ou na \u00e1gua. O comandante geral da corpora\u00e7\u00e3o, coronel Francisco Telles, disse que, com o maior fluxo de pessoas, a tend\u00eancia \u00e9 que o n\u00famero de ocorr\u00eancias aumente em 20%, incluindo acidentes de tr\u00e2nsito e afogamentos.<span class=\"Apple-converted-space\">\u00a0<\/span><\/p>\n<p>&#8220;H\u00e1 tamb\u00e9m os problemas que acontecem fora da festa. Al\u00e9m disso, o clima est\u00e1 seco, ent\u00e3o h\u00e1 mais inc\u00eandios em vegeta\u00e7\u00f5es como a caatinga e o cerrado. Estamos preparados n\u00e3o apenas para Salvador, mas tamb\u00e9m em regi\u00f5es como a Chapada Diamantina, Juazeiro, Jacobina, Senhor do Bonfim, Itacar\u00e9 e em outros lugares da Bahia&#8221;, garantiu.<\/p><\/div>\n","protected":false},"excerpt":{"rendered":"<p>Um esquema de seguran\u00e7a refor\u00e7ado vai garantir que milhares de turistas e baianos se divirtam nos cinco dias de shows que ser\u00e3o realizados no bairro do Com\u00e9rcio, em Salvador, durante as comemora\u00e7\u00f5es de fim de ano, bem como nas festas em cidades do interior. Pol\u00edcia Militar e Corpo de Bombeiros est\u00e3o prontos para atender \u00e0s [&hellip;]<\/p>\n","protected":false},"author":2,"featured_media":0,"comment_status":"open","ping_status":"open","sticky":false,"template":"","format":"standard","meta":{"_links_to":"","_links_to_target":""},"categories":[29,25],"tags":[],"_links":{"self":[{"href":"https:\/\/www.r2cpress.com.br\/v1\/wp-json\/wp\/v2\/posts\/98227"}],"collection":[{"href":"https:\/\/www.r2cpress.com.br\/v1\/wp-json\/wp\/v2\/posts"}],"about":[{"href":"https:\/\/www.r2cpress.com.br\/v1\/wp-json\/wp\/v2\/types\/post"}],"author":[{"embeddable":true,"href":"https:\/\/www.r2cpress.com.br\/v1\/wp-json\/wp\/v2\/users\/2"}],"replies":[{"embeddable":true,"href":"https:\/\/www.r2cpress.com.br\/v1\/wp-json\/wp\/v2\/comments?post=98227"}],"version-history":[{"count":2,"href":"https:\/\/www.r2cpress.com.br\/v1\/wp-json\/wp\/v2\/posts\/98227\/revisions"}],"predecessor-version":[{"id":98230,"href":"https:\/\/www.r2cpress.com.br\/v1\/wp-json\/wp\/v2\/posts\/98227\/revisions\/98230"}],"wp:attachment":[{"href":"https:\/\/www.r2cpress.com.br\/v1\/wp-json\/wp\/v2\/media?parent=98227"}],"wp:term":[{"taxonomy":"category","embeddable":true,"href":"https:\/\/www.r2cpress.com.br\/v1\/wp-json\/wp\/v2\/categories?post=98227"},{"taxonomy":"post_tag","embeddable":true,"href":"https:\/\/www.r2cpress.com.br\/v1\/wp-json\/wp\/v2\/tags?post=98227"}],"curies":[{"name":"wp","href":"https:\/\/api.w.org\/{rel}","templated":true}]}}